{"id":4297,"date":"2024-09-27T12:27:28","date_gmt":"2024-09-27T10:27:28","guid":{"rendered":"https:\/\/natura2000.nfga.de\/amf\/?p=4297"},"modified":"2024-09-27T12:32:35","modified_gmt":"2024-09-27T10:32:35","slug":"wahl-zum-vogel-des-jahres-2025","status":"publish","type":"post","link":"https:\/\/natura2000.nfga.de\/amf\/wahl-zum-vogel-des-jahres-2025\/","title":{"rendered":"Wahl zum Vogel des Jahres 2025"},"content":{"rendered":"\t\t<div data-elementor-type=\"wp-post\" data-elementor-id=\"4297\" class=\"elementor elementor-4297\">\n\t\t\t\t\t\t<section class=\"elementor-section elementor-top-section elementor-element elementor-element-13670e9 elementor-section-full_width elementor-hidden-phone elementor-section-height-default elementor-section-height-default\" data-id=\"13670e9\" data-element_type=\"section\" data-settings=\"{&quot;jet_parallax_layout_list&quot;:[{&quot;jet_parallax_layout_image&quot;:{&quot;url&quot;:&quot;&quot;,&quot;id&quot;:&quot;&quot;,&quot;size&quot;:&quot;&quot;},&quot;_id&quot;:&quot;5c46d12&quot;,&quot;jet_parallax_layout_speed&quot;:{&quot;unit&quot;:&quot;%&quot;,&quot;size&quot;:&quot;50&quot;,&quot;sizes&quot;:[]},&quot;jet_parallax_layout_bg_x&quot;:&quot;50&quot;,&quot;jet_parallax_layout_bg_y&quot;:&quot;50&quot;,&quot;jet_parallax_layout_image_tablet&quot;:{&quot;url&quot;:&quot;&quot;,&quot;id&quot;:&quot;&quot;,&quot;size&quot;:&quot;&quot;},&quot;jet_parallax_layout_image_mobile&quot;:{&quot;url&quot;:&quot;&quot;,&quot;id&quot;:&quot;&quot;,&quot;size&quot;:&quot;&quot;},&quot;jet_parallax_layout_type&quot;:&quot;scroll&quot;,&quot;jet_parallax_layout_direction&quot;:null,&quot;jet_parallax_layout_fx_direction&quot;:null,&quot;jet_parallax_layout_z_index&quot;:&quot;&quot;,&quot;jet_parallax_layout_bg_x_tablet&quot;:&quot;&quot;,&quot;jet_parallax_layout_bg_x_mobile&quot;:&quot;&quot;,&quot;jet_parallax_layout_bg_y_tablet&quot;:&quot;&quot;,&quot;jet_parallax_layout_bg_y_mobile&quot;:&quot;&quot;,&quot;jet_parallax_layout_bg_size&quot;:&quot;auto&quot;,&quot;jet_parallax_layout_bg_size_tablet&quot;:&quot;&quot;,&quot;jet_parallax_layout_bg_size_mobile&quot;:&quot;&quot;,&quot;jet_parallax_layout_animation_prop&quot;:&quot;transform&quot;,&quot;jet_parallax_layout_on&quot;:[&quot;desktop&quot;,&quot;tablet&quot;]}]}\">\n\t\t\t\t\t\t<div class=\"elementor-container elementor-column-gap-no\">\n\t\t\t\t\t<div class=\"elementor-column elementor-col-100 elementor-top-column elementor-element elementor-element-7b0ab136\" data-id=\"7b0ab136\" data-element_type=\"column\">\n\t\t\t<div class=\"elementor-widget-wrap\">\n\t\t\t\t\t\t\t<\/div>\n\t\t<\/div>\n\t\t\t\t\t<\/div>\n\t\t<\/section>\n\t\t\t\t<section class=\"elementor-section elementor-top-section elementor-element elementor-element-324aaa29 elementor-section-height-min-height elementor-section-boxed elementor-section-height-default elementor-section-items-middle\" data-id=\"324aaa29\" data-element_type=\"section\" data-settings=\"{&quot;jet_parallax_layout_list&quot;:[{&quot;_id&quot;:&quot;50143ef&quot;,&quot;jet_parallax_layout_image&quot;:{&quot;url&quot;:&quot;&quot;,&quot;id&quot;:&quot;&quot;,&quot;size&quot;:&quot;&quot;},&quot;jet_parallax_layout_image_tablet&quot;:{&quot;url&quot;:&quot;&quot;,&quot;id&quot;:&quot;&quot;,&quot;size&quot;:&quot;&quot;},&quot;jet_parallax_layout_image_mobile&quot;:{&quot;url&quot;:&quot;&quot;,&quot;id&quot;:&quot;&quot;,&quot;size&quot;:&quot;&quot;},&quot;jet_parallax_layout_speed&quot;:{&quot;unit&quot;:&quot;%&quot;,&quot;size&quot;:50,&quot;sizes&quot;:[]},&quot;jet_parallax_layout_type&quot;:&quot;scroll&quot;,&quot;jet_parallax_layout_direction&quot;:null,&quot;jet_parallax_layout_fx_direction&quot;:null,&quot;jet_parallax_layout_z_index&quot;:&quot;&quot;,&quot;jet_parallax_layout_bg_x&quot;:50,&quot;jet_parallax_layout_bg_x_tablet&quot;:&quot;&quot;,&quot;jet_parallax_layout_bg_x_mobile&quot;:&quot;&quot;,&quot;jet_parallax_layout_bg_y&quot;:50,&quot;jet_parallax_layout_bg_y_tablet&quot;:&quot;&quot;,&quot;jet_parallax_layout_bg_y_mobile&quot;:&quot;&quot;,&quot;jet_parallax_layout_bg_size&quot;:&quot;auto&quot;,&quot;jet_parallax_layout_bg_size_tablet&quot;:&quot;&quot;,&quot;jet_parallax_layout_bg_size_mobile&quot;:&quot;&quot;,&quot;jet_parallax_layout_animation_prop&quot;:&quot;transform&quot;,&quot;jet_parallax_layout_on&quot;:[&quot;desktop&quot;,&quot;tablet&quot;]}],&quot;background_background&quot;:&quot;classic&quot;}\">\n\t\t\t\t\t\t\t<div class=\"elementor-background-overlay\"><\/div>\n\t\t\t\t\t\t\t<div class=\"elementor-container elementor-column-gap-no\">\n\t\t\t\t\t<div class=\"elementor-column elementor-col-100 elementor-top-column elementor-element elementor-element-6b62ff81\" data-id=\"6b62ff81\" data-element_type=\"column\">\n\t\t\t<div class=\"elementor-widget-wrap elementor-element-populated\">\n\t\t\t\t\t\t<div class=\"elementor-element elementor-element-ad6e3c4 elementor-widget elementor-widget-heading\" data-id=\"ad6e3c4\" data-element_type=\"widget\" data-widget_type=\"heading.default\">\n\t\t\t\t<div class=\"elementor-widget-container\">\n\t\t\t<h2 class=\"elementor-heading-title elementor-size-default\">Aktuelles<\/h2>\t\t<\/div>\n\t\t\t\t<\/div>\n\t\t\t\t<div class=\"elementor-element elementor-element-3cfaf1d elementor-align-center elementor-widget elementor-widget-raven-post-meta\" data-id=\"3cfaf1d\" data-element_type=\"widget\" data-widget_type=\"raven-post-meta.default\">\n\t\t\t\t<div class=\"elementor-widget-container\">\n\t\t\t\t\t<ul class=\"raven-icon-list-items raven-post-meta\">\n\t\t\t\t\t<li class=\"raven-icon-list-item elementor-repeater-item-4c71223\">\n\t\t\t\t\t\t\t\t\t\t\t\t\t<span class=\"raven-icon-list-text raven-post-meta-item raven-post-meta-item-type-custom\">\n\t\t\t\t\t\t\t\t\t\tWahl zum Vogel des Jahres 2025\t\t\t\t\t<\/span>\n\t\t\t\t\t\t\t\t<\/li>\n\t\t\t\t<\/ul>\n\t\t\t\t<\/div>\n\t\t\t\t<\/div>\n\t\t\t\t\t<\/div>\n\t\t<\/div>\n\t\t\t\t\t<\/div>\n\t\t<\/section>\n\t\t\t\t<section class=\"elementor-section elementor-top-section elementor-element elementor-element-d31839b elementor-section-boxed elementor-section-height-default elementor-section-height-default\" data-id=\"d31839b\" data-element_type=\"section\" data-settings=\"{&quot;jet_parallax_layout_list&quot;:[],&quot;background_background&quot;:&quot;classic&quot;}\">\n\t\t\t\t\t\t<div class=\"elementor-container elementor-column-gap-default\">\n\t\t\t\t\t<div class=\"elementor-column elementor-col-100 elementor-top-column elementor-element elementor-element-6680ce12\" data-id=\"6680ce12\" data-element_type=\"column\">\n\t\t\t<div class=\"elementor-widget-wrap elementor-element-populated\">\n\t\t\t\t\t\t<div class=\"elementor-element elementor-element-6e44bc13 elementor-widget elementor-widget-text-editor\" data-id=\"6e44bc13\" data-element_type=\"widget\" data-widget_type=\"text-editor.default\">\n\t\t\t\t<div class=\"elementor-widget-container\">\n\t\t\t\t\t\t\t<p><strong>\u201e<em>Freiheit f\u00fcr Fl\u00fcsse<\/em>\u201c \u2013 Unsere Stimme f\u00fcr den Schwarzstorch<\/strong><\/p><p>Black Beauty tr\u00e4gt ein Federkleid und lebt zur\u00fcckgezogen im Wald. Sein schwarz schillerndes Federkleid und scheue Lebensweise in weitl\u00e4ufigen, st\u00f6rungsarmen Waldgebieten verleihen dem Schwarzstorch einen mystischen Ruf. Er ist im Anhang I der EU-Vogelschutzrichtlinie gelistet und ben\u00f6tigt somit besondere Schutzma\u00dfnahmen. Angewiesen ist der Schwarzstorch nicht nur auf alte Laub- und Mischw\u00e4lder mit Totholzanteil, sondern auch auf nahegelegene B\u00e4che, Auen und Fl\u00fcsse in denen er ausreichend Nahrung in Form von Amphiben und Fischen findet. So vereint er als Botschafter naturnaher Gew\u00e4sser und gro\u00dfer zusammenh\u00e4ngender Waldgebiete, wie dem Th\u00fcringer Wald, den Schutz eben dieser f\u00fcr Th\u00fcringen besonders bedeutenden Habitate. Gef\u00e4hrdet sind diese Lebensr\u00e4ume vor allem durch die intensive Land- und Forstwirtschaft, Stra\u00dfen- und Wegebau oder Windenergieanlagen. Aber auch der R\u00fcckgang von Amphibien- und Fischbest\u00e4nden und die Trockenlegung von Auen zur Landnutzung bedrohen seine Existenz.<\/p><p>Bis zum <strong>10. Oktober 2025<\/strong> k\u00f6nnen auch SIe Ihre Stimme noch abgeben!<\/p><p><strong><a href=\"https:\/\/www.vogeldesjahres.de\/\" target=\"_blank\" rel=\"noopener\">Hier geht\u2019s zur Wahl des Vogels des Jahres 2025.<\/a><\/strong><\/p><p>\u00a0<\/p><p>Der Erhalt und die Entwicklung verschiedener (vorrangig kleinerer) Flie\u00dfgew\u00e4sser- und Auen-Lebensr\u00e4ume und ihrer gesch\u00fctzten Arten geh\u00f6ren mit zu den Hauptaufgaben der Natura 2000-Station \u201eAuen, Moore, Feuchtgebiete\u201c. Daf\u00fcr planen wir Projekte, setzen konkrete Ma\u00dfnahmen um und beraten InteressensvertreterInnen auf unterschiedlichen Ebenen.<\/p><p><strong>Gerne stehen wir auch f\u00fcr Sie als<em> <a href=\"https:\/\/natura2000.nfga.de\/amf\/ueber-uns\/#team\" target=\"_blank\" rel=\"noopener\">Ansprechpartner<\/a> <\/em>zur Verf\u00fcgung!<\/strong><\/p><p>\u00a0<\/p><p><em>Bildrechte: Silvio Heidler<\/em><\/p>\t\t\t\t\t\t<\/div>\n\t\t\t\t<\/div>\n\t\t\t\t<div class=\"elementor-element elementor-element-8c10451 elementor-widget elementor-widget-image-gallery\" data-id=\"8c10451\" data-element_type=\"widget\" data-widget_type=\"image-gallery.default\">\n\t\t\t\t<div class=\"elementor-widget-container\">\n\t\t\t\t\t<div class=\"elementor-image-gallery\">\n\t\t\t<div id='gallery-1' class='gallery galleryid-4297 gallery-columns-1 gallery-size-full'><figure class='gallery-item'>\n\t\t\t<div class='gallery-icon landscape'>\n\t\t\t\t<img fetchpriority=\"high\" decoding=\"async\" width=\"2000\" height=\"1333\" src=\"https:\/\/natura2000.nfga.de\/amf\/wp-content\/uploads\/sites\/2\/2024\/09\/Schwarzstorch-1_klein-1.jpg\" class=\"attachment-full size-full\" alt=\"\" srcset=\"https:\/\/natura2000.nfga.de\/amf\/wp-content\/uploads\/sites\/2\/2024\/09\/Schwarzstorch-1_klein-1.jpg 2000w, https:\/\/natura2000.nfga.de\/amf\/wp-content\/uploads\/sites\/2\/2024\/09\/Schwarzstorch-1_klein-1-300x200.jpg 300w, https:\/\/natura2000.nfga.de\/amf\/wp-content\/uploads\/sites\/2\/2024\/09\/Schwarzstorch-1_klein-1-768x512.jpg 768w, https:\/\/natura2000.nfga.de\/amf\/wp-content\/uploads\/sites\/2\/2024\/09\/Schwarzstorch-1_klein-1-1536x1024.jpg 1536w\" sizes=\"(max-width: 2000px) 100vw, 2000px\" \/>\n\t\t\t<\/div><\/figure><figure class='gallery-item'>\n\t\t\t<div class='gallery-icon landscape'>\n\t\t\t\t<img decoding=\"async\" width=\"2000\" height=\"1333\" src=\"https:\/\/natura2000.nfga.de\/amf\/wp-content\/uploads\/sites\/2\/2024\/09\/Schwarzstorch-2_klein.jpg\" class=\"attachment-full size-full\" alt=\"\" srcset=\"https:\/\/natura2000.nfga.de\/amf\/wp-content\/uploads\/sites\/2\/2024\/09\/Schwarzstorch-2_klein.jpg 2000w, https:\/\/natura2000.nfga.de\/amf\/wp-content\/uploads\/sites\/2\/2024\/09\/Schwarzstorch-2_klein-300x200.jpg 300w, https:\/\/natura2000.nfga.de\/amf\/wp-content\/uploads\/sites\/2\/2024\/09\/Schwarzstorch-2_klein-768x512.jpg 768w, https:\/\/natura2000.nfga.de\/amf\/wp-content\/uploads\/sites\/2\/2024\/09\/Schwarzstorch-2_klein-1536x1024.jpg 1536w\" sizes=\"(max-width: 2000px) 100vw, 2000px\" \/>\n\t\t\t<\/div><\/figure>\n\t\t<\/div>\n\t\t<\/div>\n\t\t\t\t<\/div>\n\t\t\t\t<\/div>\n\t\t\t\t<div class=\"elementor-element elementor-element-3e1ebf5 elementor-align-left elementor-widget elementor-widget-button\" data-id=\"3e1ebf5\" data-element_type=\"widget\" data-widget_type=\"button.default\">\n\t\t\t\t<div class=\"elementor-widget-container\">\n\t\t\t\t\t\t\t<div class=\"elementor-button-wrapper\">\n\t\t\t\t\t<a class=\"elementor-button elementor-button-link elementor-size-sm\" href=\"https:\/\/natura2000.nfga.de\/amf\/aktuelles\/\">\n\t\t\t\t\t\t<span class=\"elementor-button-content-wrapper\">\n\t\t\t\t\t\t<span class=\"elementor-button-icon\">\n\t\t\t\t<i aria-hidden=\"true\" class=\"fas fa-arrow-left\"><\/i>\t\t\t<\/span>\n\t\t\t\t\t\t\t\t\t<span class=\"elementor-button-text\">Zur \u00dcbersicht<\/span>\n\t\t\t\t\t<\/span>\n\t\t\t\t\t<\/a>\n\t\t\t\t<\/div>\n\t\t\t\t\t\t<\/div>\n\t\t\t\t<\/div>\n\t\t\t\t\t<\/div>\n\t\t<\/div>\n\t\t\t\t\t<\/div>\n\t\t<\/section>\n\t\t\t\t<section class=\"elementor-section elementor-top-section elementor-element elementor-element-5abca545 elementor-section-boxed elementor-section-height-default elementor-section-height-default\" data-id=\"5abca545\" data-element_type=\"section\" data-settings=\"{&quot;jet_parallax_layout_list&quot;:[],&quot;background_background&quot;:&quot;classic&quot;}\">\n\t\t\t\t\t\t<div class=\"elementor-container elementor-column-gap-default\">\n\t\t\t\t\t<div class=\"elementor-column elementor-col-100 elementor-top-column elementor-element elementor-element-449889b3\" data-id=\"449889b3\" data-element_type=\"column\">\n\t\t\t<div class=\"elementor-widget-wrap elementor-element-populated\">\n\t\t\t\t\t\t<div class=\"elementor-element elementor-element-12ebd22c elementor-widget elementor-widget-heading\" data-id=\"12ebd22c\" data-element_type=\"widget\" data-widget_type=\"heading.default\">\n\t\t\t\t<div class=\"elementor-widget-container\">\n\t\t\t<h1 class=\"elementor-heading-title elementor-size-default\">weitere Beitr\u00e4ge<\/h1>\t\t<\/div>\n\t\t\t\t<\/div>\n\t\t\t\t<div class=\"elementor-element elementor-element-3d190f6c elementor-widget-divider--view-line_icon elementor-view-default elementor-widget-divider--element-align-center elementor-widget elementor-widget-divider\" data-id=\"3d190f6c\" data-element_type=\"widget\" data-widget_type=\"divider.default\">\n\t\t\t\t<div class=\"elementor-widget-container\">\n\t\t\t\t\t<div class=\"elementor-divider\">\n\t\t\t<span class=\"elementor-divider-separator\">\n\t\t\t\t\t\t\t<div class=\"elementor-icon elementor-divider__element\">\n\t\t\t\t\t<i aria-hidden=\"true\" class=\"fas fa-newspaper\"><\/i><\/div>\n\t\t\t\t\t\t<\/span>\n\t\t<\/div>\n\t\t\t\t<\/div>\n\t\t\t\t<\/div>\n\t\t\t\t<div class=\"elementor-element elementor-element-791ad89c elementor-widget elementor-widget-raven-posts\" data-id=\"791ad89c\" data-element_type=\"widget\" data-settings=\"{&quot;classic_show_pagination&quot;:&quot;yes&quot;,&quot;_skin&quot;:&quot;classic&quot;,&quot;classic_layout&quot;:&quot;grid&quot;,&quot;classic_columns&quot;:&quot;3&quot;,&quot;classic_columns_tablet&quot;:&quot;2&quot;,&quot;classic_columns_mobile&quot;:&quot;1&quot;,&quot;query_posts_per_page&quot;:6,&quot;classic_pagination_type&quot;:&quot;page_based&quot;,&quot;query_offset&quot;:0}\" data-widget_type=\"raven-posts.classic\">\n\t\t\t\t<div class=\"elementor-widget-container\">\n\t\t\t\t\t<div class=\"raven-posts raven-grid raven-grid-3 raven-grid-mobile-1 raven-grid-tablet-2\" data-post-id=\"4297\" data-archive-query=\"\" data-lang=\"\">\n\t\t\t\t<div class=\"raven-grid-item raven-post-item post-4658 post type-post status-publish format-standard has-post-thumbnail hentry category-allgemein tag-amphibien tag-nabu tag-natura-2000 tag-reptilien\">\n\t\t\t<div class=\"raven-post\">\n\t\t\t\t\t\t<div class=\"raven-post-image-wrap\">\n\t\t\t<a class=\"raven-post-image raven-image-fit\" href=\"https:\/\/natura2000.nfga.de\/amf\/12-06-26-exkursion-langer-tag-der-natur\/\"><img decoding=\"async\" width=\"1890\" height=\"1063\" src=\"https:\/\/natura2000.nfga.de\/amf\/wp-content\/uploads\/sites\/2\/2026\/04\/Vorschau_Website.png\" class=\"attachment-large size-large wp-image-4664\" alt=\"\" srcset=\"https:\/\/natura2000.nfga.de\/amf\/wp-content\/uploads\/sites\/2\/2026\/04\/Vorschau_Website.png 1890w, https:\/\/natura2000.nfga.de\/amf\/wp-content\/uploads\/sites\/2\/2026\/04\/Vorschau_Website-300x169.png 300w, https:\/\/natura2000.nfga.de\/amf\/wp-content\/uploads\/sites\/2\/2026\/04\/Vorschau_Website-768x432.png 768w, https:\/\/natura2000.nfga.de\/amf\/wp-content\/uploads\/sites\/2\/2026\/04\/Vorschau_Website-1536x864.png 1536w\" sizes=\"(max-width: 1890px) 100vw, 1890px\" \/> <span class=\"raven-post-image-overlay\"><\/span><\/a>\t\t<\/div>\n\t\t\t\t\t\t<div class=\"raven-post-content\">\n\t\t\t\t\t<h3 class=\"raven-post-title\"><a class=\"raven-post-title-link\" href=\"https:\/\/natura2000.nfga.de\/amf\/12-06-26-exkursion-langer-tag-der-natur\/\">12.06.26 Exkursion &#8222;Langer Tag der Natur&#8220;<\/a><\/h3><div class=\"raven-post-excerpt\">Am 12.06.2026 begeben wir uns mit euch auf Entdeckertour zwischen 1001 Teich(en). Zum Langen Tag der Natur entdecken wir die gro\u00dfen und kleinen Bewohner des Plothener Teichgebiets.<\/div>\t\t<div class=\"raven-post-read-more\">\n\t\t\t<a class=\"raven-post-button\" href=\"https:\/\/natura2000.nfga.de\/amf\/12-06-26-exkursion-langer-tag-der-natur\/\"><span class=\"raven-post-button-text\">weiterlesen<\/span><\/a>\n\t\t<\/div>\n\t\t\t\t\t\t<\/div>\n\t\t\t<\/div>\n\t\t<\/div>\n\t\t\t\t<div class=\"raven-grid-item raven-post-item post-4647 post type-post status-publish format-standard has-post-thumbnail hentry category-allgemein\">\n\t\t\t<div class=\"raven-post\">\n\t\t\t\t\t\t<div class=\"raven-post-image-wrap\">\n\t\t\t<a class=\"raven-post-image raven-image-fit\" href=\"https:\/\/natura2000.nfga.de\/amf\/nacht-der-offenen-grube-am-08-05-2026\/\"><img loading=\"lazy\" decoding=\"async\" width=\"1024\" height=\"380\" src=\"https:\/\/natura2000.nfga.de\/amf\/wp-content\/uploads\/sites\/2\/2023\/05\/Wechsel-Kreuzkroete-BARB-II.jpg\" class=\"attachment-large size-large wp-image-3812\" alt=\"\" srcset=\"https:\/\/natura2000.nfga.de\/amf\/wp-content\/uploads\/sites\/2\/2023\/05\/Wechsel-Kreuzkroete-BARB-II.jpg 1024w, https:\/\/natura2000.nfga.de\/amf\/wp-content\/uploads\/sites\/2\/2023\/05\/Wechsel-Kreuzkroete-BARB-II-300x111.jpg 300w, https:\/\/natura2000.nfga.de\/amf\/wp-content\/uploads\/sites\/2\/2023\/05\/Wechsel-Kreuzkroete-BARB-II-768x285.jpg 768w\" sizes=\"(max-width: 1024px) 100vw, 1024px\" \/> <span class=\"raven-post-image-overlay\"><\/span><\/a>\t\t<\/div>\n\t\t\t\t\t\t<div class=\"raven-post-content\">\n\t\t\t\t\t<h3 class=\"raven-post-title\"><a class=\"raven-post-title-link\" href=\"https:\/\/natura2000.nfga.de\/amf\/nacht-der-offenen-grube-am-08-05-2026\/\">Nacht der offenen Grube am 08.05.2026<\/a><\/h3><div class=\"raven-post-excerpt\">Das Bergbauberatungsprojekt l\u00e4dt Mitte Mai in die Tongrube Erfurt-Gispersleben ein, um bei einer spannenden, fachkundigen und kostenfreien Exkursion die sonst verborgene Welt der Rohstoffgewinnung voller seltener Tierarten zu entdecken.<\/div>\t\t<div class=\"raven-post-read-more\">\n\t\t\t<a class=\"raven-post-button\" href=\"https:\/\/natura2000.nfga.de\/amf\/nacht-der-offenen-grube-am-08-05-2026\/\"><span class=\"raven-post-button-text\">weiterlesen<\/span><\/a>\n\t\t<\/div>\n\t\t\t\t\t\t<\/div>\n\t\t\t<\/div>\n\t\t<\/div>\n\t\t\t\t<div class=\"raven-grid-item raven-post-item post-4643 post type-post status-publish format-standard has-post-thumbnail hentry category-allgemein tag-amphibien tag-amphibienwanderung tag-amphibienzaun tag-natura-2000 tag-naturschutz\">\n\t\t\t<div class=\"raven-post\">\n\t\t\t\t\t\t<div class=\"raven-post-image-wrap\">\n\t\t\t<a class=\"raven-post-image raven-image-fit\" href=\"https:\/\/natura2000.nfga.de\/amf\/aufgepasst-liebespaerchen-an-strassen\/\"><img loading=\"lazy\" decoding=\"async\" width=\"2249\" height=\"1500\" src=\"https:\/\/natura2000.nfga.de\/amf\/wp-content\/uploads\/sites\/2\/2025\/03\/20230322005340_2Z8A9524-2249x1500.jpg\" class=\"attachment-large size-large wp-image-4434\" alt=\"\" srcset=\"https:\/\/natura2000.nfga.de\/amf\/wp-content\/uploads\/sites\/2\/2025\/03\/20230322005340_2Z8A9524-2249x1500.jpg 2249w, https:\/\/natura2000.nfga.de\/amf\/wp-content\/uploads\/sites\/2\/2025\/03\/20230322005340_2Z8A9524-300x200.jpg 300w, https:\/\/natura2000.nfga.de\/amf\/wp-content\/uploads\/sites\/2\/2025\/03\/20230322005340_2Z8A9524-768x512.jpg 768w, https:\/\/natura2000.nfga.de\/amf\/wp-content\/uploads\/sites\/2\/2025\/03\/20230322005340_2Z8A9524-1536x1025.jpg 1536w, https:\/\/natura2000.nfga.de\/amf\/wp-content\/uploads\/sites\/2\/2025\/03\/20230322005340_2Z8A9524-2048x1366.jpg 2048w\" sizes=\"(max-width: 2249px) 100vw, 2249px\" \/> <span class=\"raven-post-image-overlay\"><\/span><\/a>\t\t<\/div>\n\t\t\t\t\t\t<div class=\"raven-post-content\">\n\t\t\t\t\t<h3 class=\"raven-post-title\"><a class=\"raven-post-title-link\" href=\"https:\/\/natura2000.nfga.de\/amf\/aufgepasst-liebespaerchen-an-strassen\/\">Aufgepasst! Liebesp\u00e4rchen an Stra\u00dfen<\/a><\/h3><div class=\"raven-post-excerpt\">Die Amphibien stehen in den Startl\u00f6chern \u2013 jedes Fr\u00fchjahr warten sie auf die passenden Bedingungen, um sich auf die Reise von ihren \u00dcberwinterungsquartieren zu ihren Laichgew\u00e4ssern zu machen und sich<\/div>\t\t<div class=\"raven-post-read-more\">\n\t\t\t<a class=\"raven-post-button\" href=\"https:\/\/natura2000.nfga.de\/amf\/aufgepasst-liebespaerchen-an-strassen\/\"><span class=\"raven-post-button-text\">weiterlesen<\/span><\/a>\n\t\t<\/div>\n\t\t\t\t\t\t<\/div>\n\t\t\t<\/div>\n\t\t<\/div>\n\t\t\t\t<div class=\"raven-grid-item raven-post-item post-4635 post type-post status-publish format-standard has-post-thumbnail hentry category-allgemein tag-job tag-natura-2000 tag-nfga tag-projektmanagement\">\n\t\t\t<div class=\"raven-post\">\n\t\t\t\t\t\t<div class=\"raven-post-image-wrap\">\n\t\t\t<a class=\"raven-post-image raven-image-fit\" href=\"https:\/\/natura2000.nfga.de\/amf\/stellenangebot-verwaltungsleitung-m-w-d-mit-schwerpunkt-finanzbuchhaltung\/\"><img loading=\"lazy\" decoding=\"async\" width=\"655\" height=\"647\" src=\"https:\/\/natura2000.nfga.de\/amf\/wp-content\/uploads\/sites\/2\/2022\/04\/Matschstiefel_Stellenausschreibung-e1714741132888.jpg\" class=\"attachment-large size-large wp-image-2945\" alt=\"\" srcset=\"https:\/\/natura2000.nfga.de\/amf\/wp-content\/uploads\/sites\/2\/2022\/04\/Matschstiefel_Stellenausschreibung-e1714741132888.jpg 655w, https:\/\/natura2000.nfga.de\/amf\/wp-content\/uploads\/sites\/2\/2022\/04\/Matschstiefel_Stellenausschreibung-e1714741132888-300x296.jpg 300w\" sizes=\"(max-width: 655px) 100vw, 655px\" \/> <span class=\"raven-post-image-overlay\"><\/span><\/a>\t\t<\/div>\n\t\t\t\t\t\t<div class=\"raven-post-content\">\n\t\t\t\t\t<h3 class=\"raven-post-title\"><a class=\"raven-post-title-link\" href=\"https:\/\/natura2000.nfga.de\/amf\/stellenangebot-verwaltungsleitung-m-w-d-mit-schwerpunkt-finanzbuchhaltung\/\">Stellenangebot Verwaltungsleitung (m\/w\/d) mit Schwerpunkt Finanzbuchhaltung<\/a><\/h3><div class=\"raven-post-excerpt\">Werde Teil des Teams und sei Fundament und Herz f\u00fcr unsere interne Organisation! Als Verwaltungsleitung bist du die rechte Hand des Vorstands \/ der Gesch\u00e4ftsleitung und die zentrale Schnittstelle f\u00fcr<\/div>\t\t<div class=\"raven-post-read-more\">\n\t\t\t<a class=\"raven-post-button\" href=\"https:\/\/natura2000.nfga.de\/amf\/stellenangebot-verwaltungsleitung-m-w-d-mit-schwerpunkt-finanzbuchhaltung\/\"><span class=\"raven-post-button-text\">weiterlesen<\/span><\/a>\n\t\t<\/div>\n\t\t\t\t\t\t<\/div>\n\t\t\t<\/div>\n\t\t<\/div>\n\t\t\t\t<div class=\"raven-grid-item raven-post-item post-4623 post type-post status-publish format-standard has-post-thumbnail hentry category-allgemein tag-amphibien tag-amphibienwanderung tag-amphibienzaun tag-art tag-natura-2000 tag-naturschutz tag-tlubn\">\n\t\t\t<div class=\"raven-post\">\n\t\t\t\t\t\t<div class=\"raven-post-image-wrap\">\n\t\t\t<a class=\"raven-post-image raven-image-fit\" href=\"https:\/\/natura2000.nfga.de\/amf\/31-01-seminar-amphibienschutz-an-strassen\/\"><img loading=\"lazy\" decoding=\"async\" width=\"2250\" height=\"1500\" src=\"https:\/\/natura2000.nfga.de\/amf\/wp-content\/uploads\/sites\/2\/2025\/01\/220312-031-2250x1500.jpg\" class=\"attachment-large size-large wp-image-4428\" alt=\"\" srcset=\"https:\/\/natura2000.nfga.de\/amf\/wp-content\/uploads\/sites\/2\/2025\/01\/220312-031-2250x1500.jpg 2250w, https:\/\/natura2000.nfga.de\/amf\/wp-content\/uploads\/sites\/2\/2025\/01\/220312-031-300x200.jpg 300w, https:\/\/natura2000.nfga.de\/amf\/wp-content\/uploads\/sites\/2\/2025\/01\/220312-031-768x512.jpg 768w, https:\/\/natura2000.nfga.de\/amf\/wp-content\/uploads\/sites\/2\/2025\/01\/220312-031-1536x1024.jpg 1536w, https:\/\/natura2000.nfga.de\/amf\/wp-content\/uploads\/sites\/2\/2025\/01\/220312-031-2048x1365.jpg 2048w\" sizes=\"(max-width: 2250px) 100vw, 2250px\" \/> <span class=\"raven-post-image-overlay\"><\/span><\/a>\t\t<\/div>\n\t\t\t\t\t\t<div class=\"raven-post-content\">\n\t\t\t\t\t<h3 class=\"raven-post-title\"><a class=\"raven-post-title-link\" href=\"https:\/\/natura2000.nfga.de\/amf\/31-01-seminar-amphibienschutz-an-strassen\/\">31.01. Seminar Amphibienschutz an Stra\u00dfen<\/a><\/h3><div class=\"raven-post-excerpt\">Vor Beginn der allj\u00e4hrlichen Amphibienwanderung laden TLUBN, ART und Natura 2000 Station zum Seminar nach Hildburghausen ein.<\/div>\t\t<div class=\"raven-post-read-more\">\n\t\t\t<a class=\"raven-post-button\" href=\"https:\/\/natura2000.nfga.de\/amf\/31-01-seminar-amphibienschutz-an-strassen\/\"><span class=\"raven-post-button-text\">weiterlesen<\/span><\/a>\n\t\t<\/div>\n\t\t\t\t\t\t<\/div>\n\t\t\t<\/div>\n\t\t<\/div>\n\t\t\t\t<div class=\"raven-grid-item raven-post-item post-4613 post type-post status-publish format-standard has-post-thumbnail hentry category-allgemein tag-job tag-natura-2000 tag-nfga tag-projektmanagement\">\n\t\t\t<div class=\"raven-post\">\n\t\t\t\t\t\t<div class=\"raven-post-image-wrap\">\n\t\t\t<a class=\"raven-post-image raven-image-fit\" href=\"https:\/\/natura2000.nfga.de\/amf\/stellenangebot-projektmanager\/\"><img loading=\"lazy\" decoding=\"async\" width=\"655\" height=\"647\" src=\"https:\/\/natura2000.nfga.de\/amf\/wp-content\/uploads\/sites\/2\/2022\/04\/Matschstiefel_Stellenausschreibung-e1714741132888.jpg\" class=\"attachment-large size-large wp-image-2945\" alt=\"\" srcset=\"https:\/\/natura2000.nfga.de\/amf\/wp-content\/uploads\/sites\/2\/2022\/04\/Matschstiefel_Stellenausschreibung-e1714741132888.jpg 655w, https:\/\/natura2000.nfga.de\/amf\/wp-content\/uploads\/sites\/2\/2022\/04\/Matschstiefel_Stellenausschreibung-e1714741132888-300x296.jpg 300w\" sizes=\"(max-width: 655px) 100vw, 655px\" \/> <span class=\"raven-post-image-overlay\"><\/span><\/a>\t\t<\/div>\n\t\t\t\t\t\t<div class=\"raven-post-content\">\n\t\t\t\t\t<h3 class=\"raven-post-title\"><a class=\"raven-post-title-link\" href=\"https:\/\/natura2000.nfga.de\/amf\/stellenangebot-projektmanager\/\">Stellenangebot ProjektmanagerIn<\/a><\/h3><div class=\"raven-post-excerpt\">F\u00fcr zwei unserer laufenden amphibienbezogenen Projekte suchen wir eine\/n erfahrene\/n ProjektmanagerIn zur Unterst\u00fctzung des bestehenden Teams. (Bewerbungsschluss 16.01.2026)<\/div>\t\t<div class=\"raven-post-read-more\">\n\t\t\t<a class=\"raven-post-button\" href=\"https:\/\/natura2000.nfga.de\/amf\/stellenangebot-projektmanager\/\"><span class=\"raven-post-button-text\">weiterlesen<\/span><\/a>\n\t\t<\/div>\n\t\t\t\t\t\t<\/div>\n\t\t\t<\/div>\n\t\t<\/div>\n\t\t\t\t<\/div>\n\t\t\t\t<div class=\"raven-pagination\" data-settings=\"{&quot;posts_per_page&quot;:6,&quot;total_pages&quot;:8,&quot;pages_visible&quot;:7}\">\n\t\t\t<div class=\"raven-pagination-items\">\n\t\t\t\t<a class=\"raven-pagination-prev raven-pagination-item raven-pagination-disabled\" href=\"#\">&laquo; Seite<\/a><a class=\"raven-pagination-num raven-pagination-item raven-pagination-active\" href=\"#\" data-page-num=\"1\">1<\/a><a class=\"raven-pagination-num raven-pagination-item\" href=\"#\" data-page-num=\"2\">2<\/a><a class=\"raven-pagination-num raven-pagination-item\" href=\"#\" data-page-num=\"3\">3<\/a><a class=\"raven-pagination-num raven-pagination-item\" href=\"#\" data-page-num=\"4\">4<\/a><a class=\"raven-pagination-num raven-pagination-item\" href=\"#\" data-page-num=\"5\">5<\/a><a class=\"raven-pagination-num raven-pagination-item\" href=\"#\" data-page-num=\"6\">6<\/a><a class=\"raven-pagination-num raven-pagination-item\" href=\"#\" data-page-num=\"7\">7<\/a><a class=\"raven-pagination-next raven-pagination-item\" href=\"#\">Seite &raquo;<\/a>\t\t\t<\/div>\n\t\t<\/div>\n\t\t\t\t<\/div>\n\t\t\t\t<\/div>\n\t\t\t\t\t<\/div>\n\t\t<\/div>\n\t\t\t\t\t<\/div>\n\t\t<\/section>\n\t\t\t\t<\/div>\n\t\t","protected":false},"excerpt":{"rendered":"<p>Ganz dem Thema \u201eFreiheit f\u00fcr Fl\u00fcsse\u201c erh\u00e4lt unsere Stimme zur Wahl zum Vogel des Jahres 2025 der Schwarzstorch. Warum wir diesen seltenen Vogel als wichtigen Botschafter auch f\u00fcr unsere anderen Sch\u00fctzlinge erachten, erfahren Sie hier.<\/p>\n","protected":false},"author":7,"featured_media":4298,"comment_status":"open","ping_status":"open","sticky":false,"template":"elementor_header_footer","format":"standard","meta":{"_acf_changed":false,"footnotes":""},"categories":[1],"tags":[24,22,21,25,13,41,42],"class_list":["post-4297","post","type-post","status-publish","format-standard","has-post-thumbnail","hentry","category-allgemein","tag-aue","tag-fliessgewaesser","tag-fluss","tag-klima","tag-natura-2000","tag-schwarzstorch","tag-vogeldesjahres"],"acf":[],"_links":{"self":[{"href":"https:\/\/natura2000.nfga.de\/amf\/wp-json\/wp\/v2\/posts\/4297","targetHints":{"allow":["GET"]}}],"collection":[{"href":"https:\/\/natura2000.nfga.de\/amf\/wp-json\/wp\/v2\/posts"}],"about":[{"href":"https:\/\/natura2000.nfga.de\/amf\/wp-json\/wp\/v2\/types\/post"}],"author":[{"embeddable":true,"href":"https:\/\/natura2000.nfga.de\/amf\/wp-json\/wp\/v2\/users\/7"}],"replies":[{"embeddable":true,"href":"https:\/\/natura2000.nfga.de\/amf\/wp-json\/wp\/v2\/comments?post=4297"}],"version-history":[{"count":4,"href":"https:\/\/natura2000.nfga.de\/amf\/wp-json\/wp\/v2\/posts\/4297\/revisions"}],"predecessor-version":[{"id":4304,"href":"https:\/\/natura2000.nfga.de\/amf\/wp-json\/wp\/v2\/posts\/4297\/revisions\/4304"}],"wp:featuredmedia":[{"embeddable":true,"href":"https:\/\/natura2000.nfga.de\/amf\/wp-json\/wp\/v2\/media\/4298"}],"wp:attachment":[{"href":"https:\/\/natura2000.nfga.de\/amf\/wp-json\/wp\/v2\/media?parent=4297"}],"wp:term":[{"taxonomy":"category","embeddable":true,"href":"https:\/\/natura2000.nfga.de\/amf\/wp-json\/wp\/v2\/categories?post=4297"},{"taxonomy":"post_tag","embeddable":true,"href":"https:\/\/natura2000.nfga.de\/amf\/wp-json\/wp\/v2\/tags?post=4297"}],"curies":[{"name":"wp","href":"https:\/\/api.w.org\/{rel}","templated":true}]}}