{"id":2496,"date":"2023-05-10T19:00:21","date_gmt":"2023-05-10T17:00:21","guid":{"rendered":"https:\/\/natura2000.nfga.de\/gik\/?p=2496"},"modified":"2023-05-10T19:03:27","modified_gmt":"2023-05-10T17:03:27","slug":"24-06-2023-hirschkaeferfest-auf-der-burg-gleichen-bei-wandersleben","status":"publish","type":"post","link":"https:\/\/natura2000.nfga.de\/gik\/24-06-2023-hirschkaeferfest-auf-der-burg-gleichen-bei-wandersleben\/","title":{"rendered":"24.06.2023 Hirschk\u00e4ferfest auf der Burg Gleichen bei Wandersleben"},"content":{"rendered":"\t\t<div data-elementor-type=\"wp-post\" data-elementor-id=\"2496\" class=\"elementor elementor-2496\">\n\t\t\t\t\t\t<section class=\"elementor-section elementor-top-section elementor-element elementor-element-1ef28b2e elementor-section-height-min-height elementor-section-boxed elementor-section-height-default elementor-section-items-middle\" data-id=\"1ef28b2e\" data-element_type=\"section\" data-settings=\"{&quot;jet_parallax_layout_list&quot;:[],&quot;background_background&quot;:&quot;classic&quot;}\">\n\t\t\t\t\t\t\t<div class=\"elementor-background-overlay\"><\/div>\n\t\t\t\t\t\t\t<div class=\"elementor-container elementor-column-gap-no\">\n\t\t\t\t\t<div class=\"elementor-column elementor-col-100 elementor-top-column elementor-element elementor-element-2ba7d92c\" data-id=\"2ba7d92c\" data-element_type=\"column\">\n\t\t\t<div class=\"elementor-widget-wrap elementor-element-populated\">\n\t\t\t\t\t\t<div class=\"elementor-element elementor-element-35aebf42 elementor-widget elementor-widget-heading\" data-id=\"35aebf42\" data-element_type=\"widget\" data-widget_type=\"heading.default\">\n\t\t\t\t<div class=\"elementor-widget-container\">\n\t\t\t<h2 class=\"elementor-heading-title elementor-size-default\">Aktuelles<\/h2>\t\t<\/div>\n\t\t\t\t<\/div>\n\t\t\t\t<div class=\"elementor-element elementor-element-2d7aa169 elementor-align-center elementor-widget elementor-widget-raven-post-meta\" data-id=\"2d7aa169\" data-element_type=\"widget\" data-widget_type=\"raven-post-meta.default\">\n\t\t\t\t<div class=\"elementor-widget-container\">\n\t\t\t\t\t<ul class=\"raven-inline-items raven-icon-list-items raven-post-meta\">\n\t\t\t\t\t<li class=\"raven-icon-list-item elementor-repeater-item-5871e91 raven-inline-item\">\n\t\t\t\t\t\t\t\t\t\t\t\t\t<span class=\"raven-icon-list-text raven-post-meta-item raven-post-meta-item-type-custom\">\n\t\t\t\t\t\t\t\t\t\t24.06.2023 Hirschk\u00e4ferfest auf der Burg Gleichen bei Wandersleben\t\t\t\t\t<\/span>\n\t\t\t\t\t\t\t\t<\/li>\n\t\t\t\t<\/ul>\n\t\t\t\t<\/div>\n\t\t\t\t<\/div>\n\t\t\t\t\t<\/div>\n\t\t<\/div>\n\t\t\t\t\t<\/div>\n\t\t<\/section>\n\t\t\t\t<section class=\"elementor-section elementor-top-section elementor-element elementor-element-7894e828 elementor-section-boxed elementor-section-height-default elementor-section-height-default\" data-id=\"7894e828\" data-element_type=\"section\" data-settings=\"{&quot;jet_parallax_layout_list&quot;:[],&quot;background_background&quot;:&quot;classic&quot;}\">\n\t\t\t\t\t\t<div class=\"elementor-container elementor-column-gap-default\">\n\t\t\t\t\t<div class=\"elementor-column elementor-col-33 elementor-top-column elementor-element elementor-element-7f10d7cf\" data-id=\"7f10d7cf\" data-element_type=\"column\">\n\t\t\t<div class=\"elementor-widget-wrap\">\n\t\t\t\t\t\t\t<\/div>\n\t\t<\/div>\n\t\t\t\t<div class=\"elementor-column elementor-col-33 elementor-top-column elementor-element elementor-element-44dcf3a6\" data-id=\"44dcf3a6\" data-element_type=\"column\">\n\t\t\t<div class=\"elementor-widget-wrap elementor-element-populated\">\n\t\t\t\t\t\t<div class=\"elementor-element elementor-element-a90393b elementor-widget elementor-widget-image\" data-id=\"a90393b\" data-element_type=\"widget\" data-widget_type=\"image.default\">\n\t\t\t\t<div class=\"elementor-widget-container\">\n\t\t\t\t\t\t\t\t\t\t\t\t\t<img fetchpriority=\"high\" decoding=\"async\" width=\"768\" height=\"576\" src=\"https:\/\/natura2000.nfga.de\/gik\/wp-content\/uploads\/sites\/4\/2023\/05\/IMG_20220702_174350-768x576.jpg\" class=\"attachment-medium_large size-medium_large wp-image-2500\" alt=\"\" srcset=\"https:\/\/natura2000.nfga.de\/gik\/wp-content\/uploads\/sites\/4\/2023\/05\/IMG_20220702_174350-768x576.jpg 768w, https:\/\/natura2000.nfga.de\/gik\/wp-content\/uploads\/sites\/4\/2023\/05\/IMG_20220702_174350-300x225.jpg 300w, https:\/\/natura2000.nfga.de\/gik\/wp-content\/uploads\/sites\/4\/2023\/05\/IMG_20220702_174350-1024x768.jpg 1024w, https:\/\/natura2000.nfga.de\/gik\/wp-content\/uploads\/sites\/4\/2023\/05\/IMG_20220702_174350-1536x1152.jpg 1536w, https:\/\/natura2000.nfga.de\/gik\/wp-content\/uploads\/sites\/4\/2023\/05\/IMG_20220702_174350-2048x1536.jpg 2048w\" sizes=\"(max-width: 768px) 100vw, 768px\" \/>\t\t\t\t\t\t\t\t\t\t\t\t\t<\/div>\n\t\t\t\t<\/div>\n\t\t\t\t<div class=\"elementor-element elementor-element-63104809 elementor-widget elementor-widget-text-editor\" data-id=\"63104809\" data-element_type=\"widget\" data-widget_type=\"text-editor.default\">\n\t\t\t\t<div class=\"elementor-widget-container\">\n\t\t\t\t\t\t\t<p style=\"line-height: 108%;margin-bottom: 0.28cm\">Gemeinsam mit dem Naturkundemuseum Erfurt feiern wir an diesem Tag das Wappentier unserer Station, daher der Titel \u201eHirschk\u00e4ferfest\u201c.<\/p><p style=\"line-height: 108%;margin-bottom: 0.28cm\">Ab 15 Uhr k\u00f6nnen sich die Besucher auf spannende Exkursionen in der Umgebung der Burg freuen. Auf dem Burggel\u00e4nde selbst gibt es Wissenswertes zu den Projekten der Station und zum UNESCO Global Geopark Th\u00fcringen Inselsberg \u2013 Drei Gleichen zu erfahren. <br \/>St\u00e4nde mit regionalen Produkten, wie Schaffleisch und verschiedene Mitmachaktionen f\u00fcr Kinder runden das Angebot ab. <br \/>Kulinarisch locken das Kuchenbuffet, S\u00e4fte und Schorlen von der Streuobstwiese, eine regionale vegetarische Brotzeit und die Lammbratwurst vom Grill.<\/p><p style=\"line-height: 108%;margin-bottom: 0.28cm\">Dieses Jahr dreht sich alles um die Tiere der Nacht. So ist die Stiftung Fledermaus mit einem Wissens- und Bastelstand vertreten und um 19 Uhr nimmt uns\u00a0 Dr. Christoph Robillier mit in die Welt der \u201eTiere der Nacht\u201c, bevor es um 21 Uhr auf zur Hirschk\u00e4fer- und Fledermausexkursion\u00a0 geht.<\/p><p style=\"line-height: 108%;margin-bottom: 0.28cm\"><a name=\"_GoBack\"><\/a> Weitere Infos zum Programm entnehmen Sie bitte dem Plakat.<\/p>\t\t\t\t\t\t<\/div>\n\t\t\t\t<\/div>\n\t\t\t\t<div class=\"elementor-element elementor-element-63fbd19a elementor-widget elementor-widget-image-gallery\" data-id=\"63fbd19a\" data-element_type=\"widget\" data-widget_type=\"image-gallery.default\">\n\t\t\t\t<div class=\"elementor-widget-container\">\n\t\t\t\t\t<div class=\"elementor-image-gallery\">\n\t\t\t<div id='gallery-1' class='gallery galleryid-2496 gallery-columns-1 gallery-size-full'><figure class='gallery-item'>\n\t\t\t<div class='gallery-icon portrait'>\n\t\t\t\t<img decoding=\"async\" width=\"692\" height=\"882\" src=\"https:\/\/natura2000.nfga.de\/gik\/wp-content\/uploads\/sites\/4\/2023\/05\/Hirschkaeferfest_2023-1.jpg\" class=\"attachment-full size-full\" alt=\"\" srcset=\"https:\/\/natura2000.nfga.de\/gik\/wp-content\/uploads\/sites\/4\/2023\/05\/Hirschkaeferfest_2023-1.jpg 692w, https:\/\/natura2000.nfga.de\/gik\/wp-content\/uploads\/sites\/4\/2023\/05\/Hirschkaeferfest_2023-1-235x300.jpg 235w\" sizes=\"(max-width: 692px) 100vw, 692px\" \/>\n\t\t\t<\/div><\/figure>\n\t\t<\/div>\n\t\t<\/div>\n\t\t\t\t<\/div>\n\t\t\t\t<\/div>\n\t\t\t\t<div class=\"elementor-element elementor-element-22a83f6 elementor-widget elementor-widget-text-editor\" data-id=\"22a83f6\" data-element_type=\"widget\" data-widget_type=\"text-editor.default\">\n\t\t\t\t<div class=\"elementor-widget-container\">\n\t\t\t\t\t\t\t<p><b>Anreise<\/b> mit dem <u>\u00d6PNV<\/u> von Gotha Hbf. mit der Buslinie 870 Richtung Neudietendorf bis Freudentahl\u00a0 oder vom Bhf. Neudietendorf mit der Buslinie 870 Richtung Gotha bis Freudenthal und dann dem Wanderweg zur Burg folgen. <br \/>Mit dem <u>Fahrrad<\/u> von Neudietendorf aus auf dem Radweg \u201eTh\u00fcringer St\u00e4dtekette\u201c bis zum Freudenthal. <br \/>Parkm\u00f6glichkeiten auf dem <u>Wanderparkplatz<\/u> am \u201eFreudenthal\u201c zwischen M\u00fchlberg und Wandersleben.<\/p>\t\t\t\t\t\t<\/div>\n\t\t\t\t<\/div>\n\t\t\t\t<div class=\"elementor-element elementor-element-5ba0009d elementor-widget elementor-widget-button\" data-id=\"5ba0009d\" data-element_type=\"widget\" data-widget_type=\"button.default\">\n\t\t\t\t<div class=\"elementor-widget-container\">\n\t\t\t\t\t\t\t<div class=\"elementor-button-wrapper\">\n\t\t\t\t\t<a class=\"elementor-button elementor-button-link elementor-size-sm\" href=\"https:\/\/natura2000.nfga.de\/gik\/aktuelles\">\n\t\t\t\t\t\t<span class=\"elementor-button-content-wrapper\">\n\t\t\t\t\t\t<span class=\"elementor-button-icon\">\n\t\t\t\t<i aria-hidden=\"true\" class=\"fas fa-arrow-left\"><\/i>\t\t\t<\/span>\n\t\t\t\t\t\t\t\t\t<span class=\"elementor-button-text\">Zur \u00dcbersicht<\/span>\n\t\t\t\t\t<\/span>\n\t\t\t\t\t<\/a>\n\t\t\t\t<\/div>\n\t\t\t\t\t\t<\/div>\n\t\t\t\t<\/div>\n\t\t\t\t\t<\/div>\n\t\t<\/div>\n\t\t\t\t<div class=\"elementor-column elementor-col-33 elementor-top-column elementor-element elementor-element-750d95d1\" data-id=\"750d95d1\" data-element_type=\"column\">\n\t\t\t<div class=\"elementor-widget-wrap\">\n\t\t\t\t\t\t\t<\/div>\n\t\t<\/div>\n\t\t\t\t\t<\/div>\n\t\t<\/section>\n\t\t\t\t<section class=\"elementor-section elementor-top-section elementor-element elementor-element-336cf04d elementor-section-boxed elementor-section-height-default elementor-section-height-default\" data-id=\"336cf04d\" data-element_type=\"section\" data-settings=\"{&quot;jet_parallax_layout_list&quot;:[],&quot;background_background&quot;:&quot;classic&quot;}\">\n\t\t\t\t\t\t<div class=\"elementor-container elementor-column-gap-default\">\n\t\t\t\t\t<div class=\"elementor-column elementor-col-33 elementor-top-column elementor-element elementor-element-6483584a\" data-id=\"6483584a\" data-element_type=\"column\">\n\t\t\t<div class=\"elementor-widget-wrap\">\n\t\t\t\t\t\t\t<\/div>\n\t\t<\/div>\n\t\t\t\t<div class=\"elementor-column elementor-col-33 elementor-top-column elementor-element elementor-element-4b87d183\" data-id=\"4b87d183\" data-element_type=\"column\">\n\t\t\t<div class=\"elementor-widget-wrap elementor-element-populated\">\n\t\t\t\t\t\t<div class=\"elementor-element elementor-element-3259bfc7 elementor-widget elementor-widget-heading\" data-id=\"3259bfc7\" data-element_type=\"widget\" data-widget_type=\"heading.default\">\n\t\t\t\t<div class=\"elementor-widget-container\">\n\t\t\t<h2 class=\"elementor-heading-title elementor-size-default\">Weitere Beitr\u00e4ge<\/h2>\t\t<\/div>\n\t\t\t\t<\/div>\n\t\t\t\t<div class=\"elementor-element elementor-element-46fc5a68 elementor-widget-divider--view-line_icon elementor-view-default elementor-widget-divider--element-align-center elementor-widget elementor-widget-divider\" data-id=\"46fc5a68\" data-element_type=\"widget\" data-widget_type=\"divider.default\">\n\t\t\t\t<div class=\"elementor-widget-container\">\n\t\t\t\t\t<div class=\"elementor-divider\">\n\t\t\t<span class=\"elementor-divider-separator\">\n\t\t\t\t\t\t\t<div class=\"elementor-icon elementor-divider__element\">\n\t\t\t\t\t<i aria-hidden=\"true\" class=\"fas fa-newspaper\"><\/i><\/div>\n\t\t\t\t\t\t<\/span>\n\t\t<\/div>\n\t\t\t\t<\/div>\n\t\t\t\t<\/div>\n\t\t\t\t<div class=\"elementor-element elementor-element-4d2d6f3d elementor-widget elementor-widget-raven-posts\" data-id=\"4d2d6f3d\" data-element_type=\"widget\" data-settings=\"{&quot;classic_show_pagination&quot;:&quot;yes&quot;,&quot;_skin&quot;:&quot;classic&quot;,&quot;classic_layout&quot;:&quot;grid&quot;,&quot;classic_columns&quot;:&quot;3&quot;,&quot;classic_columns_tablet&quot;:&quot;2&quot;,&quot;classic_columns_mobile&quot;:&quot;1&quot;,&quot;query_posts_per_page&quot;:6,&quot;classic_pagination_type&quot;:&quot;page_based&quot;,&quot;query_offset&quot;:0}\" data-widget_type=\"raven-posts.classic\">\n\t\t\t\t<div class=\"elementor-widget-container\">\n\t\t\t\t\t<div class=\"raven-posts raven-grid raven-grid-3 raven-grid-mobile-1 raven-grid-tablet-2\" data-post-id=\"2496\" data-archive-query=\"\" data-lang=\"\">\n\t\t\t\t<div class=\"raven-grid-item raven-post-item post-3358 post type-post status-publish format-standard has-post-thumbnail hentry category-allgemein\">\n\t\t\t<div class=\"raven-post\">\n\t\t\t\t\t\t<div class=\"raven-post-image-wrap\">\n\t\t\t<a class=\"raven-post-image raven-image-fit\" href=\"https:\/\/natura2000.nfga.de\/gik\/gemeinsam-voegel-entdecken-rund-um-den-seeberg-mitmachaktion-am-6-juni-2026\/\"><img decoding=\"async\" width=\"1024\" height=\"577\" src=\"https:\/\/natura2000.nfga.de\/gik\/wp-content\/uploads\/sites\/4\/2026\/04\/Foto-Birdblitz-Nicola_Schoening_2-1024x577.jpg\" class=\"attachment-large size-large wp-image-3359\" alt=\"\" srcset=\"https:\/\/natura2000.nfga.de\/gik\/wp-content\/uploads\/sites\/4\/2026\/04\/Foto-Birdblitz-Nicola_Schoening_2-1024x577.jpg 1024w, https:\/\/natura2000.nfga.de\/gik\/wp-content\/uploads\/sites\/4\/2026\/04\/Foto-Birdblitz-Nicola_Schoening_2-300x169.jpg 300w, https:\/\/natura2000.nfga.de\/gik\/wp-content\/uploads\/sites\/4\/2026\/04\/Foto-Birdblitz-Nicola_Schoening_2-768x432.jpg 768w, https:\/\/natura2000.nfga.de\/gik\/wp-content\/uploads\/sites\/4\/2026\/04\/Foto-Birdblitz-Nicola_Schoening_2-1536x865.jpg 1536w, https:\/\/natura2000.nfga.de\/gik\/wp-content\/uploads\/sites\/4\/2026\/04\/Foto-Birdblitz-Nicola_Schoening_2-2048x1153.jpg 2048w\" sizes=\"(max-width: 1024px) 100vw, 1024px\" \/> <span class=\"raven-post-image-overlay\"><\/span><\/a>\t\t<\/div>\n\t\t\t\t\t\t<div class=\"raven-post-content\">\n\t\t\t\t\t<h3 class=\"raven-post-title\"><a class=\"raven-post-title-link\" href=\"https:\/\/natura2000.nfga.de\/gik\/gemeinsam-voegel-entdecken-rund-um-den-seeberg-mitmachaktion-am-6-juni-2026\/\">Gemeinsam V\u00f6gel entdecken rund um den Seeberg \u2013 Mitmachaktion am 6. Juni 2026<\/a><\/h3><div class=\"raven-post-excerpt\">Natur erleben, Neues lernen und dabei einen Beitrag zum Artenschutz leisten \u2013 dazu l\u00e4dt die Natura 2000-Station Gotha\/ Ilm-Kreis alle Interessierten herzlich ein.<\/div>\t\t<div class=\"raven-post-read-more\">\n\t\t\t<a class=\"raven-post-button\" href=\"https:\/\/natura2000.nfga.de\/gik\/gemeinsam-voegel-entdecken-rund-um-den-seeberg-mitmachaktion-am-6-juni-2026\/\"><span class=\"raven-post-button-text\">weiterlesen<\/span><\/a>\n\t\t<\/div>\n\t\t\t\t\t\t<\/div>\n\t\t\t<\/div>\n\t\t<\/div>\n\t\t\t\t<div class=\"raven-grid-item raven-post-item post-3323 post type-post status-publish format-standard has-post-thumbnail hentry category-allgemein\">\n\t\t\t<div class=\"raven-post\">\n\t\t\t\t\t\t<div class=\"raven-post-image-wrap\">\n\t\t\t<a class=\"raven-post-image raven-image-fit\" href=\"https:\/\/natura2000.nfga.de\/gik\/ehrenamtseinsatz-am-heideteich-am-23-01-26\/\"><img loading=\"lazy\" decoding=\"async\" width=\"1024\" height=\"768\" src=\"https:\/\/natura2000.nfga.de\/gik\/wp-content\/uploads\/sites\/4\/2026\/01\/image00001-1024x768.jpg\" class=\"attachment-large size-large wp-image-3325\" alt=\"\" srcset=\"https:\/\/natura2000.nfga.de\/gik\/wp-content\/uploads\/sites\/4\/2026\/01\/image00001-1024x768.jpg 1024w, https:\/\/natura2000.nfga.de\/gik\/wp-content\/uploads\/sites\/4\/2026\/01\/image00001-300x225.jpg 300w, https:\/\/natura2000.nfga.de\/gik\/wp-content\/uploads\/sites\/4\/2026\/01\/image00001-768x576.jpg 768w, https:\/\/natura2000.nfga.de\/gik\/wp-content\/uploads\/sites\/4\/2026\/01\/image00001-1536x1152.jpg 1536w, https:\/\/natura2000.nfga.de\/gik\/wp-content\/uploads\/sites\/4\/2026\/01\/image00001-2048x1536.jpg 2048w\" sizes=\"(max-width: 1024px) 100vw, 1024px\" \/> <span class=\"raven-post-image-overlay\"><\/span><\/a>\t\t<\/div>\n\t\t\t\t\t\t<div class=\"raven-post-content\">\n\t\t\t\t\t<h3 class=\"raven-post-title\"><a class=\"raven-post-title-link\" href=\"https:\/\/natura2000.nfga.de\/gik\/ehrenamtseinsatz-am-heideteich-am-23-01-26\/\">Ehrenamtseinsatz am Heideteich am 23.01.26<\/a><\/h3><div class=\"raven-post-excerpt\">Du willst dich drau\u00dfen k\u00f6rperlich bet\u00e4tigen und gleichzeig etwas sinnvolles f\u00fcr die Natur tun? Dann komm doch gerne zum Einsatz am Heideteich!<\/div>\t\t<div class=\"raven-post-read-more\">\n\t\t\t<a class=\"raven-post-button\" href=\"https:\/\/natura2000.nfga.de\/gik\/ehrenamtseinsatz-am-heideteich-am-23-01-26\/\"><span class=\"raven-post-button-text\">weiterlesen<\/span><\/a>\n\t\t<\/div>\n\t\t\t\t\t\t<\/div>\n\t\t\t<\/div>\n\t\t<\/div>\n\t\t\t\t<div class=\"raven-grid-item raven-post-item post-3312 post type-post status-publish format-standard has-post-thumbnail hentry category-allgemein\">\n\t\t\t<div class=\"raven-post\">\n\t\t\t\t\t\t<div class=\"raven-post-image-wrap\">\n\t\t\t<a class=\"raven-post-image raven-image-fit\" href=\"https:\/\/natura2000.nfga.de\/gik\/01-01-2026-wir-sind-umgezogen\/\"><img loading=\"lazy\" decoding=\"async\" width=\"1024\" height=\"576\" src=\"https:\/\/natura2000.nfga.de\/gik\/wp-content\/uploads\/sites\/4\/2026\/01\/DJI_0991-min-1024x576.jpg\" class=\"attachment-large size-large wp-image-3298\" alt=\"\" srcset=\"https:\/\/natura2000.nfga.de\/gik\/wp-content\/uploads\/sites\/4\/2026\/01\/DJI_0991-min-1024x576.jpg 1024w, https:\/\/natura2000.nfga.de\/gik\/wp-content\/uploads\/sites\/4\/2026\/01\/DJI_0991-min-300x169.jpg 300w, https:\/\/natura2000.nfga.de\/gik\/wp-content\/uploads\/sites\/4\/2026\/01\/DJI_0991-min-768x432.jpg 768w, https:\/\/natura2000.nfga.de\/gik\/wp-content\/uploads\/sites\/4\/2026\/01\/DJI_0991-min-1536x864.jpg 1536w, https:\/\/natura2000.nfga.de\/gik\/wp-content\/uploads\/sites\/4\/2026\/01\/DJI_0991-min-2048x1152.jpg 2048w\" sizes=\"(max-width: 1024px) 100vw, 1024px\" \/> <span class=\"raven-post-image-overlay\"><\/span><\/a>\t\t<\/div>\n\t\t\t\t\t\t<div class=\"raven-post-content\">\n\t\t\t\t\t<h3 class=\"raven-post-title\"><a class=\"raven-post-title-link\" href=\"https:\/\/natura2000.nfga.de\/gik\/01-01-2026-wir-sind-umgezogen\/\">01.01.2026 Wir sind umgezogen!<\/a><\/h3><div class=\"raven-post-excerpt\">Besucht uns an unserem neuen Standort<\/div>\t\t<div class=\"raven-post-read-more\">\n\t\t\t<a class=\"raven-post-button\" href=\"https:\/\/natura2000.nfga.de\/gik\/01-01-2026-wir-sind-umgezogen\/\"><span class=\"raven-post-button-text\">weiterlesen<\/span><\/a>\n\t\t<\/div>\n\t\t\t\t\t\t<\/div>\n\t\t\t<\/div>\n\t\t<\/div>\n\t\t\t\t<div class=\"raven-grid-item raven-post-item post-3273 post type-post status-publish format-standard has-post-thumbnail hentry category-allgemein\">\n\t\t\t<div class=\"raven-post\">\n\t\t\t\t\t\t<div class=\"raven-post-image-wrap\">\n\t\t\t<a class=\"raven-post-image raven-image-fit\" href=\"https:\/\/natura2000.nfga.de\/gik\/unser-naechstes-kinderbuch-rettet-koenigin-hortense-eine-phantastische-geschichte-zur-bewahrung-unserer-streuobstwiesen-ist-da\/\"><img loading=\"lazy\" decoding=\"async\" width=\"1024\" height=\"985\" src=\"https:\/\/natura2000.nfga.de\/gik\/wp-content\/uploads\/sites\/4\/2025\/11\/Einband-Buch.pdf-1024x985.jpg\" class=\"attachment-large size-large wp-image-3274\" alt=\"\" srcset=\"https:\/\/natura2000.nfga.de\/gik\/wp-content\/uploads\/sites\/4\/2025\/11\/Einband-Buch.pdf-1024x985.jpg 1024w, https:\/\/natura2000.nfga.de\/gik\/wp-content\/uploads\/sites\/4\/2025\/11\/Einband-Buch.pdf-300x288.jpg 300w, https:\/\/natura2000.nfga.de\/gik\/wp-content\/uploads\/sites\/4\/2025\/11\/Einband-Buch.pdf-768x738.jpg 768w, https:\/\/natura2000.nfga.de\/gik\/wp-content\/uploads\/sites\/4\/2025\/11\/Einband-Buch.pdf.jpg 1041w\" sizes=\"(max-width: 1024px) 100vw, 1024px\" \/> <span class=\"raven-post-image-overlay\"><\/span><\/a>\t\t<\/div>\n\t\t\t\t\t\t<div class=\"raven-post-content\">\n\t\t\t\t\t<h3 class=\"raven-post-title\"><a class=\"raven-post-title-link\" href=\"https:\/\/natura2000.nfga.de\/gik\/unser-naechstes-kinderbuch-rettet-koenigin-hortense-eine-phantastische-geschichte-zur-bewahrung-unserer-streuobstwiesen-ist-da\/\">Unser n\u00e4chstes Kinderbuch &#8222;Rettet K\u00f6nigin Hortense-Eine phantastische Geschichte zur Bewahrung unserer Streuobstwiesen&#8220;-ist da<\/a><\/h3><div class=\"raven-post-excerpt\">Kindgerechte Umweltbildung in einer sch\u00f6nen Geschichte verpackt<\/div>\t\t<div class=\"raven-post-read-more\">\n\t\t\t<a class=\"raven-post-button\" href=\"https:\/\/natura2000.nfga.de\/gik\/unser-naechstes-kinderbuch-rettet-koenigin-hortense-eine-phantastische-geschichte-zur-bewahrung-unserer-streuobstwiesen-ist-da\/\"><span class=\"raven-post-button-text\">weiterlesen<\/span><\/a>\n\t\t<\/div>\n\t\t\t\t\t\t<\/div>\n\t\t\t<\/div>\n\t\t<\/div>\n\t\t\t\t<div class=\"raven-grid-item raven-post-item post-3238 post type-post status-publish format-standard has-post-thumbnail hentry category-allgemein\">\n\t\t\t<div class=\"raven-post\">\n\t\t\t\t\t\t<div class=\"raven-post-image-wrap\">\n\t\t\t<a class=\"raven-post-image raven-image-fit\" href=\"https:\/\/natura2000.nfga.de\/gik\/neues-projekt-beginnt\/\"><img loading=\"lazy\" decoding=\"async\" width=\"1024\" height=\"683\" src=\"https:\/\/natura2000.nfga.de\/gik\/wp-content\/uploads\/sites\/4\/2025\/11\/DSCF2715-min-1024x683.jpg\" class=\"attachment-large size-large wp-image-3222\" alt=\"\" srcset=\"https:\/\/natura2000.nfga.de\/gik\/wp-content\/uploads\/sites\/4\/2025\/11\/DSCF2715-min-1024x683.jpg 1024w, https:\/\/natura2000.nfga.de\/gik\/wp-content\/uploads\/sites\/4\/2025\/11\/DSCF2715-min-300x200.jpg 300w, https:\/\/natura2000.nfga.de\/gik\/wp-content\/uploads\/sites\/4\/2025\/11\/DSCF2715-min-768x512.jpg 768w, https:\/\/natura2000.nfga.de\/gik\/wp-content\/uploads\/sites\/4\/2025\/11\/DSCF2715-min-1536x1024.jpg 1536w, https:\/\/natura2000.nfga.de\/gik\/wp-content\/uploads\/sites\/4\/2025\/11\/DSCF2715-min-2048x1365.jpg 2048w\" sizes=\"(max-width: 1024px) 100vw, 1024px\" \/> <span class=\"raven-post-image-overlay\"><\/span><\/a>\t\t<\/div>\n\t\t\t\t\t\t<div class=\"raven-post-content\">\n\t\t\t\t\t<h3 class=\"raven-post-title\"><a class=\"raven-post-title-link\" href=\"https:\/\/natura2000.nfga.de\/gik\/neues-projekt-beginnt\/\">Neues Projekt beginnt<\/a><\/h3><div class=\"raven-post-excerpt\">Erfahre mehr \u00fcber das neue Projekt<\/div>\t\t<div class=\"raven-post-read-more\">\n\t\t\t<a class=\"raven-post-button\" href=\"https:\/\/natura2000.nfga.de\/gik\/neues-projekt-beginnt\/\"><span class=\"raven-post-button-text\">weiterlesen<\/span><\/a>\n\t\t<\/div>\n\t\t\t\t\t\t<\/div>\n\t\t\t<\/div>\n\t\t<\/div>\n\t\t\t\t<div class=\"raven-grid-item raven-post-item post-3190 post type-post status-publish format-standard has-post-thumbnail hentry category-allgemein\">\n\t\t\t<div class=\"raven-post\">\n\t\t\t\t\t\t<div class=\"raven-post-image-wrap\">\n\t\t\t<a class=\"raven-post-image raven-image-fit\" href=\"https:\/\/natura2000.nfga.de\/gik\/28-06-2025-hirschkaeferfest-auf-der-burg-gleichen-bei-wandersleben\/\"><img loading=\"lazy\" decoding=\"async\" width=\"1024\" height=\"768\" src=\"https:\/\/natura2000.nfga.de\/gik\/wp-content\/uploads\/sites\/4\/2025\/05\/20240629_204239-1024x768.jpg\" class=\"attachment-large size-large wp-image-3202\" alt=\"\" srcset=\"https:\/\/natura2000.nfga.de\/gik\/wp-content\/uploads\/sites\/4\/2025\/05\/20240629_204239-1024x768.jpg 1024w, https:\/\/natura2000.nfga.de\/gik\/wp-content\/uploads\/sites\/4\/2025\/05\/20240629_204239-300x225.jpg 300w, https:\/\/natura2000.nfga.de\/gik\/wp-content\/uploads\/sites\/4\/2025\/05\/20240629_204239-768x576.jpg 768w, https:\/\/natura2000.nfga.de\/gik\/wp-content\/uploads\/sites\/4\/2025\/05\/20240629_204239-1536x1152.jpg 1536w, https:\/\/natura2000.nfga.de\/gik\/wp-content\/uploads\/sites\/4\/2025\/05\/20240629_204239-2048x1536.jpg 2048w\" sizes=\"(max-width: 1024px) 100vw, 1024px\" \/> <span class=\"raven-post-image-overlay\"><\/span><\/a>\t\t<\/div>\n\t\t\t\t\t\t<div class=\"raven-post-content\">\n\t\t\t\t\t<h3 class=\"raven-post-title\"><a class=\"raven-post-title-link\" href=\"https:\/\/natura2000.nfga.de\/gik\/28-06-2025-hirschkaeferfest-auf-der-burg-gleichen-bei-wandersleben\/\">28.06.2025 Hirschk\u00e4ferfest auf der Burg Gleichen bei Wandersleben<\/a><\/h3><div class=\"raven-post-excerpt\">Gemeinsam mit dem Naturkundemuseum Erfurt laden wir Sie herzlich auf die Spurensuche nach dem Hirschk\u00e4fer ein.<\/div>\t\t<div class=\"raven-post-read-more\">\n\t\t\t<a class=\"raven-post-button\" href=\"https:\/\/natura2000.nfga.de\/gik\/28-06-2025-hirschkaeferfest-auf-der-burg-gleichen-bei-wandersleben\/\"><span class=\"raven-post-button-text\">weiterlesen<\/span><\/a>\n\t\t<\/div>\n\t\t\t\t\t\t<\/div>\n\t\t\t<\/div>\n\t\t<\/div>\n\t\t\t\t<\/div>\n\t\t\t\t<div class=\"raven-pagination\" data-settings=\"{&quot;posts_per_page&quot;:6,&quot;total_pages&quot;:7,&quot;pages_visible&quot;:7}\">\n\t\t\t<div class=\"raven-pagination-items\">\n\t\t\t\t<a class=\"raven-pagination-prev raven-pagination-item raven-pagination-disabled\" href=\"#\">&laquo; Seite<\/a><a class=\"raven-pagination-num raven-pagination-item raven-pagination-active\" href=\"#\" data-page-num=\"1\">1<\/a><a class=\"raven-pagination-num raven-pagination-item\" href=\"#\" data-page-num=\"2\">2<\/a><a class=\"raven-pagination-num raven-pagination-item\" href=\"#\" data-page-num=\"3\">3<\/a><a class=\"raven-pagination-num raven-pagination-item\" href=\"#\" data-page-num=\"4\">4<\/a><a class=\"raven-pagination-num raven-pagination-item\" href=\"#\" data-page-num=\"5\">5<\/a><a class=\"raven-pagination-num raven-pagination-item\" href=\"#\" data-page-num=\"6\">6<\/a><a class=\"raven-pagination-num raven-pagination-item\" href=\"#\" data-page-num=\"7\">7<\/a><a class=\"raven-pagination-next raven-pagination-item\" href=\"#\">Seite &raquo;<\/a>\t\t\t<\/div>\n\t\t<\/div>\n\t\t\t\t<\/div>\n\t\t\t\t<\/div>\n\t\t\t\t\t<\/div>\n\t\t<\/div>\n\t\t\t\t<div class=\"elementor-column elementor-col-33 elementor-top-column elementor-element elementor-element-617a454a\" data-id=\"617a454a\" data-element_type=\"column\">\n\t\t\t<div class=\"elementor-widget-wrap\">\n\t\t\t\t\t\t\t<\/div>\n\t\t<\/div>\n\t\t\t\t\t<\/div>\n\t\t<\/section>\n\t\t\t\t<\/div>\n\t\t","protected":false},"excerpt":{"rendered":"<p>Gemeinsam mit dem Naturkundemuseum Erfurt laden wir Sie herzlich auf die Spurensuche nach dem Hirschk\u00e4fer ein. <\/p>\n","protected":false},"author":9,"featured_media":2499,"comment_status":"open","ping_status":"open","sticky":false,"template":"elementor_header_footer","format":"standard","meta":{"_acf_changed":false,"footnotes":""},"categories":[1],"tags":[],"class_list":["post-2496","post","type-post","status-publish","format-standard","has-post-thumbnail","hentry","category-allgemein"],"acf":[],"_links":{"self":[{"href":"https:\/\/natura2000.nfga.de\/gik\/wp-json\/wp\/v2\/posts\/2496","targetHints":{"allow":["GET"]}}],"collection":[{"href":"https:\/\/natura2000.nfga.de\/gik\/wp-json\/wp\/v2\/posts"}],"about":[{"href":"https:\/\/natura2000.nfga.de\/gik\/wp-json\/wp\/v2\/types\/post"}],"author":[{"embeddable":true,"href":"https:\/\/natura2000.nfga.de\/gik\/wp-json\/wp\/v2\/users\/9"}],"replies":[{"embeddable":true,"href":"https:\/\/natura2000.nfga.de\/gik\/wp-json\/wp\/v2\/comments?post=2496"}],"version-history":[{"count":4,"href":"https:\/\/natura2000.nfga.de\/gik\/wp-json\/wp\/v2\/posts\/2496\/revisions"}],"predecessor-version":[{"id":2504,"href":"https:\/\/natura2000.nfga.de\/gik\/wp-json\/wp\/v2\/posts\/2496\/revisions\/2504"}],"wp:featuredmedia":[{"embeddable":true,"href":"https:\/\/natura2000.nfga.de\/gik\/wp-json\/wp\/v2\/media\/2499"}],"wp:attachment":[{"href":"https:\/\/natura2000.nfga.de\/gik\/wp-json\/wp\/v2\/media?parent=2496"}],"wp:term":[{"taxonomy":"category","embeddable":true,"href":"https:\/\/natura2000.nfga.de\/gik\/wp-json\/wp\/v2\/categories?post=2496"},{"taxonomy":"post_tag","embeddable":true,"href":"https:\/\/natura2000.nfga.de\/gik\/wp-json\/wp\/v2\/tags?post=2496"}],"curies":[{"name":"wp","href":"https:\/\/api.w.org\/{rel}","templated":true}]}}