{"id":2116,"date":"2023-09-08T12:22:06","date_gmt":"2023-09-08T10:22:06","guid":{"rendered":"https:\/\/natura2000.nfga.de\/os\/?p=2116"},"modified":"2023-09-08T12:23:39","modified_gmt":"2023-09-08T10:23:39","slug":"streuobstmesse-in-reinstaedt-2","status":"publish","type":"post","link":"https:\/\/natura2000.nfga.de\/os\/streuobstmesse-in-reinstaedt-2\/","title":{"rendered":"Streuobstmesse in Reinst\u00e4dt"},"content":{"rendered":"\t\t<div data-elementor-type=\"wp-post\" data-elementor-id=\"2116\" class=\"elementor elementor-2116\">\n\t\t\t\t\t\t<section class=\"elementor-section elementor-top-section elementor-element elementor-element-c42fc02 elementor-section-boxed elementor-section-height-default elementor-section-height-default\" data-id=\"c42fc02\" data-element_type=\"section\" data-settings=\"{&quot;jet_parallax_layout_list&quot;:[]}\">\n\t\t\t\t\t\t<div class=\"elementor-container elementor-column-gap-default\">\n\t\t\t\t\t<div class=\"elementor-column elementor-col-100 elementor-top-column elementor-element elementor-element-543ea29\" data-id=\"543ea29\" data-element_type=\"column\">\n\t\t\t<div class=\"elementor-widget-wrap\">\n\t\t\t\t\t\t\t<\/div>\n\t\t<\/div>\n\t\t\t\t\t<\/div>\n\t\t<\/section>\n\t\t\t\t<section class=\"elementor-section elementor-top-section elementor-element elementor-element-30d5a22e elementor-section-height-min-height elementor-section-boxed elementor-section-height-default elementor-section-items-middle\" data-id=\"30d5a22e\" data-element_type=\"section\" data-settings=\"{&quot;jet_parallax_layout_list&quot;:[{&quot;_id&quot;:&quot;50143ef&quot;,&quot;jet_parallax_layout_image&quot;:{&quot;url&quot;:&quot;&quot;,&quot;id&quot;:&quot;&quot;,&quot;size&quot;:&quot;&quot;},&quot;jet_parallax_layout_image_tablet&quot;:{&quot;url&quot;:&quot;&quot;,&quot;id&quot;:&quot;&quot;,&quot;size&quot;:&quot;&quot;},&quot;jet_parallax_layout_image_mobile&quot;:{&quot;url&quot;:&quot;&quot;,&quot;id&quot;:&quot;&quot;,&quot;size&quot;:&quot;&quot;},&quot;jet_parallax_layout_speed&quot;:{&quot;unit&quot;:&quot;%&quot;,&quot;size&quot;:50,&quot;sizes&quot;:[]},&quot;jet_parallax_layout_type&quot;:&quot;scroll&quot;,&quot;jet_parallax_layout_direction&quot;:null,&quot;jet_parallax_layout_fx_direction&quot;:null,&quot;jet_parallax_layout_z_index&quot;:&quot;&quot;,&quot;jet_parallax_layout_bg_x&quot;:50,&quot;jet_parallax_layout_bg_x_tablet&quot;:&quot;&quot;,&quot;jet_parallax_layout_bg_x_mobile&quot;:&quot;&quot;,&quot;jet_parallax_layout_bg_y&quot;:50,&quot;jet_parallax_layout_bg_y_tablet&quot;:&quot;&quot;,&quot;jet_parallax_layout_bg_y_mobile&quot;:&quot;&quot;,&quot;jet_parallax_layout_bg_size&quot;:&quot;auto&quot;,&quot;jet_parallax_layout_bg_size_tablet&quot;:&quot;&quot;,&quot;jet_parallax_layout_bg_size_mobile&quot;:&quot;&quot;,&quot;jet_parallax_layout_animation_prop&quot;:&quot;transform&quot;,&quot;jet_parallax_layout_on&quot;:[&quot;desktop&quot;,&quot;tablet&quot;]}],&quot;background_background&quot;:&quot;classic&quot;}\">\n\t\t\t\t\t\t<div class=\"elementor-container elementor-column-gap-no\">\n\t\t\t\t\t<div class=\"elementor-column elementor-col-100 elementor-top-column elementor-element elementor-element-4ecdd482\" data-id=\"4ecdd482\" data-element_type=\"column\">\n\t\t\t<div class=\"elementor-widget-wrap elementor-element-populated\">\n\t\t\t\t\t\t<div class=\"elementor-element elementor-element-4281c9e elementor-widget elementor-widget-heading\" data-id=\"4281c9e\" data-element_type=\"widget\" data-widget_type=\"heading.default\">\n\t\t\t\t<div class=\"elementor-widget-container\">\n\t\t\t<h2 class=\"elementor-heading-title elementor-size-default\">Aktuelles<\/h2>\t\t<\/div>\n\t\t\t\t<\/div>\n\t\t\t\t<div class=\"elementor-element elementor-element-ef697f2 elementor-align-center elementor-widget elementor-widget-raven-post-meta\" data-id=\"ef697f2\" data-element_type=\"widget\" data-widget_type=\"raven-post-meta.default\">\n\t\t\t\t<div class=\"elementor-widget-container\">\n\t\t\t\t\t<ul class=\"raven-inline-items raven-icon-list-items raven-post-meta\">\n\t\t\t\t\t<li class=\"raven-icon-list-item elementor-repeater-item-652dddb raven-inline-item\">\n\t\t\t\t\t\t\t\t\t\t\t\t\t<span class=\"raven-icon-list-text raven-post-meta-item raven-post-meta-item-type-custom\">\n\t\t\t\t\t\t\t\t\t\tStreuobstmesse in Reinst\u00e4dt\t\t\t\t\t<\/span>\n\t\t\t\t\t\t\t\t<\/li>\n\t\t\t\t<\/ul>\n\t\t\t\t<\/div>\n\t\t\t\t<\/div>\n\t\t\t\t\t<\/div>\n\t\t<\/div>\n\t\t\t\t\t<\/div>\n\t\t<\/section>\n\t\t\t\t<section class=\"elementor-section elementor-top-section elementor-element elementor-element-70dc9040 elementor-section-boxed elementor-section-height-default elementor-section-height-default\" data-id=\"70dc9040\" data-element_type=\"section\" data-settings=\"{&quot;jet_parallax_layout_list&quot;:[],&quot;background_background&quot;:&quot;classic&quot;}\">\n\t\t\t\t\t\t<div class=\"elementor-container elementor-column-gap-default\">\n\t\t\t\t\t<div class=\"elementor-column elementor-col-33 elementor-top-column elementor-element elementor-element-582d413a\" data-id=\"582d413a\" data-element_type=\"column\">\n\t\t\t<div class=\"elementor-widget-wrap\">\n\t\t\t\t\t\t\t<\/div>\n\t\t<\/div>\n\t\t\t\t<div class=\"elementor-column elementor-col-33 elementor-top-column elementor-element elementor-element-5356655e\" data-id=\"5356655e\" data-element_type=\"column\">\n\t\t\t<div class=\"elementor-widget-wrap elementor-element-populated\">\n\t\t\t\t\t\t<div class=\"elementor-element elementor-element-5b212152 elementor-widget elementor-widget-text-editor\" data-id=\"5b212152\" data-element_type=\"widget\" data-widget_type=\"text-editor.default\">\n\t\t\t\t<div class=\"elementor-widget-container\">\n\t\t\t\t\t\t\t<div class=\"elementor-column elementor-col-33 elementor-top-column elementor-element elementor-element-582d413a\" data-id=\"582d413a\" data-element_type=\"column\"><div class=\"elementor-widget-wrap\">\u00a0<\/div><\/div><p>Eine herzliche Einladung zu der zweiten regionalen\u00a0<strong>Streuobstmesse<\/strong>\u00a0auf dem Gel\u00e4nde der Kemenate Reinst\u00e4dt. Am Sonntag, dem\u00a0<strong>17. September zwischen 11:00 und 17:00<\/strong>\u00a0<strong>Uhr\u00a0<\/strong>erwartet Sie ein abwechslungsreiches Programm rund um das Streuobst. Auch wir sind mit einem Stand vertreten und beraten Sie zu <b>F\u00f6rderm\u00f6glichkeiten <\/b>rund um das Thema Streuobstwiese.<\/p><p>Die Streuobstmesse soll gleicherma\u00dfen Fachpublikum als auch Marktbesucher ansprechen. Gezeigt und teilweise auch vorgef\u00fchrt werden Ger\u00e4te und Werkzeuge zur Pflege, Beerntung von Obstb\u00e4umen und der Verarbeitung von Obst. Besucher k\u00f6nnen eigenes Obst pomologisch bestimmen lassen. Eine App zur Kartierung von eigenen Obstbaumbest\u00e4nden kann ausprobiert werden. Obstweine stehen f\u00fcr eine Publikumsverkostung bereit. Regionale Anbieter sorgen bestens f\u00fcr Speisen und Getr\u00e4nke. Mitmach- und Bastelangebote erwarten Kinder und Erwachsene. Der Liedermacher Dieter Beckert aus Dresden sorgt f\u00fcr musikalische Begleitung. Wir freuen uns auf einen zugleich anregenden, genussvollen und erfreulichen Tag!<\/p><p>\u00a0<\/p>\t\t\t\t\t\t<\/div>\n\t\t\t\t<\/div>\n\t\t\t\t<div class=\"elementor-element elementor-element-3d33aef gallery-spacing-custom elementor-widget elementor-widget-image-gallery\" data-id=\"3d33aef\" data-element_type=\"widget\" data-widget_type=\"image-gallery.default\">\n\t\t\t\t<div class=\"elementor-widget-container\">\n\t\t\t\t\t<div class=\"elementor-image-gallery\">\n\t\t\t<div id='gallery-1' class='gallery galleryid-2116 gallery-columns-1 gallery-size-full'><figure class='gallery-item'>\n\t\t\t<div class='gallery-icon landscape'>\n\t\t\t\t<img fetchpriority=\"high\" decoding=\"async\" width=\"2560\" height=\"853\" src=\"https:\/\/natura2000.nfga.de\/os\/wp-content\/uploads\/sites\/3\/2023\/09\/2023-Streuobstmesse-Banner-fuer-Web-4-scaled.jpg\" class=\"attachment-full size-full\" alt=\"\" srcset=\"https:\/\/natura2000.nfga.de\/os\/wp-content\/uploads\/sites\/3\/2023\/09\/2023-Streuobstmesse-Banner-fuer-Web-4-scaled.jpg 2560w, https:\/\/natura2000.nfga.de\/os\/wp-content\/uploads\/sites\/3\/2023\/09\/2023-Streuobstmesse-Banner-fuer-Web-4-300x100.jpg 300w, https:\/\/natura2000.nfga.de\/os\/wp-content\/uploads\/sites\/3\/2023\/09\/2023-Streuobstmesse-Banner-fuer-Web-4-1024x341.jpg 1024w, https:\/\/natura2000.nfga.de\/os\/wp-content\/uploads\/sites\/3\/2023\/09\/2023-Streuobstmesse-Banner-fuer-Web-4-768x256.jpg 768w, https:\/\/natura2000.nfga.de\/os\/wp-content\/uploads\/sites\/3\/2023\/09\/2023-Streuobstmesse-Banner-fuer-Web-4-1536x512.jpg 1536w, https:\/\/natura2000.nfga.de\/os\/wp-content\/uploads\/sites\/3\/2023\/09\/2023-Streuobstmesse-Banner-fuer-Web-4-2048x683.jpg 2048w\" sizes=\"(max-width: 2560px) 100vw, 2560px\" \/>\n\t\t\t<\/div><\/figure>\n\t\t<\/div>\n\t\t<\/div>\n\t\t\t\t<\/div>\n\t\t\t\t<\/div>\n\t\t\t\t<div class=\"elementor-element elementor-element-3858bd4 elementor-align-left elementor-widget elementor-widget-button\" data-id=\"3858bd4\" data-element_type=\"widget\" data-widget_type=\"button.default\">\n\t\t\t\t<div class=\"elementor-widget-container\">\n\t\t\t\t\t\t\t<div class=\"elementor-button-wrapper\">\n\t\t\t\t\t<a class=\"elementor-button elementor-button-link elementor-size-sm\" href=\"https:\/\/natura2000.nfga.de\/os\/aktuelles\">\n\t\t\t\t\t\t<span class=\"elementor-button-content-wrapper\">\n\t\t\t\t\t\t<span class=\"elementor-button-icon\">\n\t\t\t\t<i aria-hidden=\"true\" class=\"fas fa-arrow-left\"><\/i>\t\t\t<\/span>\n\t\t\t\t\t\t\t\t\t<span class=\"elementor-button-text\">Zur \u00dcbersicht<\/span>\n\t\t\t\t\t<\/span>\n\t\t\t\t\t<\/a>\n\t\t\t\t<\/div>\n\t\t\t\t\t\t<\/div>\n\t\t\t\t<\/div>\n\t\t\t\t\t<\/div>\n\t\t<\/div>\n\t\t\t\t<div class=\"elementor-column elementor-col-33 elementor-top-column elementor-element elementor-element-28948643\" data-id=\"28948643\" data-element_type=\"column\">\n\t\t\t<div class=\"elementor-widget-wrap\">\n\t\t\t\t\t\t\t<\/div>\n\t\t<\/div>\n\t\t\t\t\t<\/div>\n\t\t<\/section>\n\t\t\t\t<section class=\"elementor-section elementor-top-section elementor-element elementor-element-4de4ebf elementor-section-boxed elementor-section-height-default elementor-section-height-default\" data-id=\"4de4ebf\" data-element_type=\"section\" data-settings=\"{&quot;jet_parallax_layout_list&quot;:[],&quot;background_background&quot;:&quot;classic&quot;}\">\n\t\t\t\t\t\t<div class=\"elementor-container elementor-column-gap-default\">\n\t\t\t\t\t<div class=\"elementor-column elementor-col-33 elementor-top-column elementor-element elementor-element-e5c6918\" data-id=\"e5c6918\" data-element_type=\"column\">\n\t\t\t<div class=\"elementor-widget-wrap\">\n\t\t\t\t\t\t\t<\/div>\n\t\t<\/div>\n\t\t\t\t<div class=\"elementor-column elementor-col-33 elementor-top-column elementor-element elementor-element-9f7a18e\" data-id=\"9f7a18e\" data-element_type=\"column\">\n\t\t\t<div class=\"elementor-widget-wrap elementor-element-populated\">\n\t\t\t\t\t\t<div class=\"elementor-element elementor-element-2357b1c elementor-widget elementor-widget-heading\" data-id=\"2357b1c\" data-element_type=\"widget\" data-widget_type=\"heading.default\">\n\t\t\t\t<div class=\"elementor-widget-container\">\n\t\t\t<h2 class=\"elementor-heading-title elementor-size-default\">Weitere Beitr\u00e4ge<\/h2>\t\t<\/div>\n\t\t\t\t<\/div>\n\t\t\t\t<div class=\"elementor-element elementor-element-5fd91e56 elementor-widget-divider--view-line_icon elementor-view-default elementor-widget-divider--element-align-center elementor-widget elementor-widget-divider\" data-id=\"5fd91e56\" data-element_type=\"widget\" data-widget_type=\"divider.default\">\n\t\t\t\t<div class=\"elementor-widget-container\">\n\t\t\t\t\t<div class=\"elementor-divider\">\n\t\t\t<span class=\"elementor-divider-separator\">\n\t\t\t\t\t\t\t<div class=\"elementor-icon elementor-divider__element\">\n\t\t\t\t\t<i aria-hidden=\"true\" class=\"fas fa-newspaper\"><\/i><\/div>\n\t\t\t\t\t\t<\/span>\n\t\t<\/div>\n\t\t\t\t<\/div>\n\t\t\t\t<\/div>\n\t\t\t\t<div class=\"elementor-element elementor-element-bd9f6f2 elementor-widget elementor-widget-raven-posts\" data-id=\"bd9f6f2\" data-element_type=\"widget\" data-settings=\"{&quot;classic_show_pagination&quot;:&quot;yes&quot;,&quot;_skin&quot;:&quot;classic&quot;,&quot;classic_layout&quot;:&quot;grid&quot;,&quot;classic_columns&quot;:&quot;3&quot;,&quot;classic_columns_tablet&quot;:&quot;2&quot;,&quot;classic_columns_mobile&quot;:&quot;1&quot;,&quot;query_posts_per_page&quot;:6,&quot;classic_pagination_type&quot;:&quot;page_based&quot;,&quot;query_offset&quot;:0}\" data-widget_type=\"raven-posts.classic\">\n\t\t\t\t<div class=\"elementor-widget-container\">\n\t\t\t\t\t<div class=\"raven-posts raven-grid raven-grid-3 raven-grid-mobile-1 raven-grid-tablet-2\" data-post-id=\"2116\" data-archive-query=\"\" data-lang=\"\">\n\t\t\t\t<div class=\"raven-grid-item raven-post-item post-3632 post type-post status-publish format-standard has-post-thumbnail hentry category-aktuelle-veranstaltung category-aktuelles category-allgemein\">\n\t\t\t<div class=\"raven-post\">\n\t\t\t\t\t\t<div class=\"raven-post-image-wrap\">\n\t\t\t<a class=\"raven-post-image raven-image-fit\" href=\"https:\/\/natura2000.nfga.de\/os\/wanderung-froschkonzert-und-vogelchor\/\"><img decoding=\"async\" width=\"1024\" height=\"683\" src=\"https:\/\/natura2000.nfga.de\/os\/wp-content\/uploads\/sites\/3\/2026\/04\/160403-025-1024x683.jpg\" class=\"attachment-large size-large wp-image-3633\" alt=\"\" srcset=\"https:\/\/natura2000.nfga.de\/os\/wp-content\/uploads\/sites\/3\/2026\/04\/160403-025-1024x683.jpg 1024w, https:\/\/natura2000.nfga.de\/os\/wp-content\/uploads\/sites\/3\/2026\/04\/160403-025-300x200.jpg 300w, https:\/\/natura2000.nfga.de\/os\/wp-content\/uploads\/sites\/3\/2026\/04\/160403-025-768x512.jpg 768w, https:\/\/natura2000.nfga.de\/os\/wp-content\/uploads\/sites\/3\/2026\/04\/160403-025-1536x1024.jpg 1536w, https:\/\/natura2000.nfga.de\/os\/wp-content\/uploads\/sites\/3\/2026\/04\/160403-025-2048x1365.jpg 2048w\" sizes=\"(max-width: 1024px) 100vw, 1024px\" \/> <span class=\"raven-post-image-overlay\"><\/span><\/a>\t\t<\/div>\n\t\t\t\t\t\t<div class=\"raven-post-content\">\n\t\t\t\t\t<h3 class=\"raven-post-title\"><a class=\"raven-post-title-link\" href=\"https:\/\/natura2000.nfga.de\/os\/wanderung-froschkonzert-und-vogelchor\/\">Wanderung: Froschkonzert und Vogelchor<\/a><\/h3><div class=\"raven-post-excerpt\">Gemeinsam erkunden wir das Land der tausend Teiche und lauschen den Schilfbr\u00fcter, Fr\u00f6schen und Kr\u00f6ten.<\/div>\t\t<div class=\"raven-post-read-more\">\n\t\t\t<a class=\"raven-post-button\" href=\"https:\/\/natura2000.nfga.de\/os\/wanderung-froschkonzert-und-vogelchor\/\"><span class=\"raven-post-button-text\">weiterlesen<\/span><\/a>\n\t\t<\/div>\n\t\t\t\t\t\t<\/div>\n\t\t\t<\/div>\n\t\t<\/div>\n\t\t\t\t<div class=\"raven-grid-item raven-post-item post-3615 post type-post status-publish format-standard has-post-thumbnail hentry category-aktuelle-veranstaltung category-aktuelles category-allgemein\">\n\t\t\t<div class=\"raven-post\">\n\t\t\t\t\t\t<div class=\"raven-post-image-wrap\">\n\t\t\t<a class=\"raven-post-image raven-image-fit\" href=\"https:\/\/natura2000.nfga.de\/os\/mach-das-orla-ufer-zur-augenweide\/\"><img decoding=\"async\" width=\"1024\" height=\"577\" src=\"https:\/\/natura2000.nfga.de\/os\/wp-content\/uploads\/sites\/3\/2026\/03\/andreabenedetter-hay-field-5085227_1920-1024x577.jpg\" class=\"attachment-large size-large wp-image-3616\" alt=\"\" srcset=\"https:\/\/natura2000.nfga.de\/os\/wp-content\/uploads\/sites\/3\/2026\/03\/andreabenedetter-hay-field-5085227_1920-1024x577.jpg 1024w, https:\/\/natura2000.nfga.de\/os\/wp-content\/uploads\/sites\/3\/2026\/03\/andreabenedetter-hay-field-5085227_1920-300x169.jpg 300w, https:\/\/natura2000.nfga.de\/os\/wp-content\/uploads\/sites\/3\/2026\/03\/andreabenedetter-hay-field-5085227_1920-768x432.jpg 768w, https:\/\/natura2000.nfga.de\/os\/wp-content\/uploads\/sites\/3\/2026\/03\/andreabenedetter-hay-field-5085227_1920-1536x865.jpg 1536w, https:\/\/natura2000.nfga.de\/os\/wp-content\/uploads\/sites\/3\/2026\/03\/andreabenedetter-hay-field-5085227_1920.jpg 1920w\" sizes=\"(max-width: 1024px) 100vw, 1024px\" \/> <span class=\"raven-post-image-overlay\"><\/span><\/a>\t\t<\/div>\n\t\t\t\t\t\t<div class=\"raven-post-content\">\n\t\t\t\t\t<h3 class=\"raven-post-title\"><a class=\"raven-post-title-link\" href=\"https:\/\/natura2000.nfga.de\/os\/mach-das-orla-ufer-zur-augenweide\/\">Mach das Orla-Ufer zur Augenweide!<\/a><\/h3><div class=\"raven-post-excerpt\">Eine Mitmach-Aktion des NABU am 27.03. f\u00fcr eine artenreiche Orla-Aue<\/div>\t\t<div class=\"raven-post-read-more\">\n\t\t\t<a class=\"raven-post-button\" href=\"https:\/\/natura2000.nfga.de\/os\/mach-das-orla-ufer-zur-augenweide\/\"><span class=\"raven-post-button-text\">weiterlesen<\/span><\/a>\n\t\t<\/div>\n\t\t\t\t\t\t<\/div>\n\t\t\t<\/div>\n\t\t<\/div>\n\t\t\t\t<div class=\"raven-grid-item raven-post-item post-3584 post type-post status-publish format-standard has-post-thumbnail hentry category-aktuelles category-allgemein\">\n\t\t\t<div class=\"raven-post\">\n\t\t\t\t\t\t<div class=\"raven-post-image-wrap\">\n\t\t\t<a class=\"raven-post-image raven-image-fit\" href=\"https:\/\/natura2000.nfga.de\/os\/arbeitseinsatz-auf-der-schabsheide\/\"><img loading=\"lazy\" decoding=\"async\" width=\"768\" height=\"1024\" src=\"https:\/\/natura2000.nfga.de\/os\/wp-content\/uploads\/sites\/3\/2026\/02\/20260107_115657_klein-768x1024.jpg\" class=\"attachment-large size-large wp-image-3605\" alt=\"\" srcset=\"https:\/\/natura2000.nfga.de\/os\/wp-content\/uploads\/sites\/3\/2026\/02\/20260107_115657_klein-768x1024.jpg 768w, https:\/\/natura2000.nfga.de\/os\/wp-content\/uploads\/sites\/3\/2026\/02\/20260107_115657_klein-225x300.jpg 225w, https:\/\/natura2000.nfga.de\/os\/wp-content\/uploads\/sites\/3\/2026\/02\/20260107_115657_klein-1152x1536.jpg 1152w, https:\/\/natura2000.nfga.de\/os\/wp-content\/uploads\/sites\/3\/2026\/02\/20260107_115657_klein-1536x2048.jpg 1536w, https:\/\/natura2000.nfga.de\/os\/wp-content\/uploads\/sites\/3\/2026\/02\/20260107_115657_klein-scaled.jpg 1920w\" sizes=\"(max-width: 768px) 100vw, 768px\" \/> <span class=\"raven-post-image-overlay\"><\/span><\/a>\t\t<\/div>\n\t\t\t\t\t\t<div class=\"raven-post-content\">\n\t\t\t\t\t<h3 class=\"raven-post-title\"><a class=\"raven-post-title-link\" href=\"https:\/\/natura2000.nfga.de\/os\/arbeitseinsatz-auf-der-schabsheide\/\">Arbeitseinsatz auf der Schabsheide<\/a><\/h3><div class=\"raven-post-excerpt\">Mehr Licht f\u00fcr die Heide: Gemeinsamer Pflegeeinsatz der Natura 2000-Station Obere Saale, des LPV Th\u00fcringer Wald und des T&amp;S Landwirtschaftsbetriebs<\/div>\t\t<div class=\"raven-post-read-more\">\n\t\t\t<a class=\"raven-post-button\" href=\"https:\/\/natura2000.nfga.de\/os\/arbeitseinsatz-auf-der-schabsheide\/\"><span class=\"raven-post-button-text\">weiterlesen<\/span><\/a>\n\t\t<\/div>\n\t\t\t\t\t\t<\/div>\n\t\t\t<\/div>\n\t\t<\/div>\n\t\t\t\t<div class=\"raven-grid-item raven-post-item post-3585 post type-post status-publish format-standard has-post-thumbnail hentry category-aktuelle-veranstaltung category-aktuelles category-allgemein\">\n\t\t\t<div class=\"raven-post\">\n\t\t\t\t\t\t<div class=\"raven-post-image-wrap\">\n\t\t\t<a class=\"raven-post-image raven-image-fit\" href=\"https:\/\/natura2000.nfga.de\/os\/rueckkehr-des-wolfes-nach-thueringen-vortrag\/\"><img loading=\"lazy\" decoding=\"async\" width=\"1024\" height=\"768\" src=\"https:\/\/natura2000.nfga.de\/os\/wp-content\/uploads\/sites\/3\/2026\/01\/Heiko_-Anders_junger_Wolf2-1024x768.jpg\" class=\"attachment-large size-large wp-image-3583\" alt=\"\" srcset=\"https:\/\/natura2000.nfga.de\/os\/wp-content\/uploads\/sites\/3\/2026\/01\/Heiko_-Anders_junger_Wolf2-1024x768.jpg 1024w, https:\/\/natura2000.nfga.de\/os\/wp-content\/uploads\/sites\/3\/2026\/01\/Heiko_-Anders_junger_Wolf2-300x225.jpg 300w, https:\/\/natura2000.nfga.de\/os\/wp-content\/uploads\/sites\/3\/2026\/01\/Heiko_-Anders_junger_Wolf2-768x576.jpg 768w, https:\/\/natura2000.nfga.de\/os\/wp-content\/uploads\/sites\/3\/2026\/01\/Heiko_-Anders_junger_Wolf2-1536x1152.jpg 1536w, https:\/\/natura2000.nfga.de\/os\/wp-content\/uploads\/sites\/3\/2026\/01\/Heiko_-Anders_junger_Wolf2-2048x1536.jpg 2048w\" sizes=\"(max-width: 1024px) 100vw, 1024px\" \/> <span class=\"raven-post-image-overlay\"><\/span><\/a>\t\t<\/div>\n\t\t\t\t\t\t<div class=\"raven-post-content\">\n\t\t\t\t\t<h3 class=\"raven-post-title\"><a class=\"raven-post-title-link\" href=\"https:\/\/natura2000.nfga.de\/os\/rueckkehr-des-wolfes-nach-thueringen-vortrag\/\">R\u00fcckkehr des Wolfes nach Th\u00fcringen: Vortrag<\/a><\/h3><div class=\"raven-post-excerpt\">Der Wolf ist zur\u00fcck in Th\u00fcringen \u2013 ein Vortrag \u00fcber eine faszinierende, aber auch kontrovers diskutierte Entwicklung.<\/div>\t\t<div class=\"raven-post-read-more\">\n\t\t\t<a class=\"raven-post-button\" href=\"https:\/\/natura2000.nfga.de\/os\/rueckkehr-des-wolfes-nach-thueringen-vortrag\/\"><span class=\"raven-post-button-text\">weiterlesen<\/span><\/a>\n\t\t<\/div>\n\t\t\t\t\t\t<\/div>\n\t\t\t<\/div>\n\t\t<\/div>\n\t\t\t\t<div class=\"raven-grid-item raven-post-item post-3567 post type-post status-publish format-standard has-post-thumbnail hentry category-aktuelles category-allgemein\">\n\t\t\t<div class=\"raven-post\">\n\t\t\t\t\t\t<div class=\"raven-post-image-wrap\">\n\t\t\t<a class=\"raven-post-image raven-image-fit\" href=\"https:\/\/natura2000.nfga.de\/os\/stellenanzeige\/\"><img loading=\"lazy\" decoding=\"async\" width=\"795\" height=\"1024\" src=\"https:\/\/natura2000.nfga.de\/os\/wp-content\/uploads\/sites\/3\/2026\/01\/20250429_161334-scaled-e1768823921860-795x1024.jpg\" class=\"attachment-large size-large wp-image-3560\" alt=\"\" srcset=\"https:\/\/natura2000.nfga.de\/os\/wp-content\/uploads\/sites\/3\/2026\/01\/20250429_161334-scaled-e1768823921860-795x1024.jpg 795w, https:\/\/natura2000.nfga.de\/os\/wp-content\/uploads\/sites\/3\/2026\/01\/20250429_161334-scaled-e1768823921860-233x300.jpg 233w, https:\/\/natura2000.nfga.de\/os\/wp-content\/uploads\/sites\/3\/2026\/01\/20250429_161334-scaled-e1768823921860-768x989.jpg 768w, https:\/\/natura2000.nfga.de\/os\/wp-content\/uploads\/sites\/3\/2026\/01\/20250429_161334-scaled-e1768823921860.jpg 1114w\" sizes=\"(max-width: 795px) 100vw, 795px\" \/> <span class=\"raven-post-image-overlay\"><\/span><\/a>\t\t<\/div>\n\t\t\t\t\t\t<div class=\"raven-post-content\">\n\t\t\t\t\t<h3 class=\"raven-post-title\"><a class=\"raven-post-title-link\" href=\"https:\/\/natura2000.nfga.de\/os\/stellenanzeige\/\">Stellenanzeige: Verwaltungsleitung<\/a><\/h3><div class=\"raven-post-excerpt\">Unsere Verwaltung in Altenburg sucht tatkr\u00e4ftige Unterst\u00fctzung. Bis zum 15.03.2026 bewerben!<\/div>\t\t<div class=\"raven-post-read-more\">\n\t\t\t<a class=\"raven-post-button\" href=\"https:\/\/natura2000.nfga.de\/os\/stellenanzeige\/\"><span class=\"raven-post-button-text\">weiterlesen<\/span><\/a>\n\t\t<\/div>\n\t\t\t\t\t\t<\/div>\n\t\t\t<\/div>\n\t\t<\/div>\n\t\t\t\t<div class=\"raven-grid-item raven-post-item post-3536 post type-post status-publish format-standard has-post-thumbnail hentry category-vergangene-veranstaltung\">\n\t\t\t<div class=\"raven-post\">\n\t\t\t\t\t\t<div class=\"raven-post-image-wrap\">\n\t\t\t<a class=\"raven-post-image raven-image-fit\" href=\"https:\/\/natura2000.nfga.de\/os\/weihnachten-in-der-gasmaschinenzentrale\/\"><img loading=\"lazy\" decoding=\"async\" width=\"1024\" height=\"768\" src=\"https:\/\/natura2000.nfga.de\/os\/wp-content\/uploads\/sites\/3\/2025\/01\/WhatsApp-Bild-2025-01-20-um-15.49.29_00cc2691-1024x768.jpg\" class=\"attachment-large size-large wp-image-2766\" alt=\"\" srcset=\"https:\/\/natura2000.nfga.de\/os\/wp-content\/uploads\/sites\/3\/2025\/01\/WhatsApp-Bild-2025-01-20-um-15.49.29_00cc2691-1024x768.jpg 1024w, https:\/\/natura2000.nfga.de\/os\/wp-content\/uploads\/sites\/3\/2025\/01\/WhatsApp-Bild-2025-01-20-um-15.49.29_00cc2691-300x225.jpg 300w, https:\/\/natura2000.nfga.de\/os\/wp-content\/uploads\/sites\/3\/2025\/01\/WhatsApp-Bild-2025-01-20-um-15.49.29_00cc2691-768x576.jpg 768w, https:\/\/natura2000.nfga.de\/os\/wp-content\/uploads\/sites\/3\/2025\/01\/WhatsApp-Bild-2025-01-20-um-15.49.29_00cc2691-1536x1152.jpg 1536w, https:\/\/natura2000.nfga.de\/os\/wp-content\/uploads\/sites\/3\/2025\/01\/WhatsApp-Bild-2025-01-20-um-15.49.29_00cc2691-2048x1536.jpg 2048w\" sizes=\"(max-width: 1024px) 100vw, 1024px\" \/> <span class=\"raven-post-image-overlay\"><\/span><\/a>\t\t<\/div>\n\t\t\t\t\t\t<div class=\"raven-post-content\">\n\t\t\t\t\t<h3 class=\"raven-post-title\"><a class=\"raven-post-title-link\" href=\"https:\/\/natura2000.nfga.de\/os\/weihnachten-in-der-gasmaschinenzentrale\/\">Weihnachten in der Gasmaschinenzentrale<\/a><\/h3><div class=\"raven-post-excerpt\">In Unterwellenborn weihnachtet es sehr - kommen Sie vorbei, basteln Sie mit uns und erfahren Sie mehr \u00fcber unsere Projekte und genie\u00dfen sie die weihnachtliche Atmosph\u00e4re!<\/div>\t\t<div class=\"raven-post-read-more\">\n\t\t\t<a class=\"raven-post-button\" href=\"https:\/\/natura2000.nfga.de\/os\/weihnachten-in-der-gasmaschinenzentrale\/\"><span class=\"raven-post-button-text\">weiterlesen<\/span><\/a>\n\t\t<\/div>\n\t\t\t\t\t\t<\/div>\n\t\t\t<\/div>\n\t\t<\/div>\n\t\t\t\t<\/div>\n\t\t\t\t<div class=\"raven-pagination\" data-settings=\"{&quot;posts_per_page&quot;:6,&quot;total_pages&quot;:9,&quot;pages_visible&quot;:7}\">\n\t\t\t<div class=\"raven-pagination-items\">\n\t\t\t\t<a class=\"raven-pagination-prev raven-pagination-item raven-pagination-disabled\" href=\"#\">&laquo; Seite<\/a><a class=\"raven-pagination-num raven-pagination-item raven-pagination-active\" href=\"#\" data-page-num=\"1\">1<\/a><a class=\"raven-pagination-num raven-pagination-item\" href=\"#\" data-page-num=\"2\">2<\/a><a class=\"raven-pagination-num raven-pagination-item\" href=\"#\" data-page-num=\"3\">3<\/a><a class=\"raven-pagination-num raven-pagination-item\" href=\"#\" data-page-num=\"4\">4<\/a><a class=\"raven-pagination-num raven-pagination-item\" href=\"#\" data-page-num=\"5\">5<\/a><a class=\"raven-pagination-num raven-pagination-item\" href=\"#\" data-page-num=\"6\">6<\/a><a class=\"raven-pagination-num raven-pagination-item\" href=\"#\" data-page-num=\"7\">7<\/a><a class=\"raven-pagination-next raven-pagination-item\" href=\"#\">Seite &raquo;<\/a>\t\t\t<\/div>\n\t\t<\/div>\n\t\t\t\t<\/div>\n\t\t\t\t<\/div>\n\t\t\t\t\t<\/div>\n\t\t<\/div>\n\t\t\t\t<div class=\"elementor-column elementor-col-33 elementor-top-column elementor-element elementor-element-5165cc2\" data-id=\"5165cc2\" data-element_type=\"column\">\n\t\t\t<div class=\"elementor-widget-wrap\">\n\t\t\t\t\t\t\t<\/div>\n\t\t<\/div>\n\t\t\t\t\t<\/div>\n\t\t<\/section>\n\t\t\t\t<\/div>\n\t\t","protected":false},"excerpt":{"rendered":"<p>Wir freuen uns \u00fcber Ihren Besuch bei uns am Stand auf der Streuobstmesse am 17.09.2023 (11-17 Uhr) in Reinst\u00e4dt!<\/p>\n","protected":false},"author":8,"featured_media":2111,"comment_status":"open","ping_status":"open","sticky":false,"template":"elementor_header_footer","format":"standard","meta":{"_acf_changed":false,"footnotes":""},"categories":[1],"tags":[],"class_list":["post-2116","post","type-post","status-publish","format-standard","has-post-thumbnail","hentry","category-allgemein"],"acf":[],"_links":{"self":[{"href":"https:\/\/natura2000.nfga.de\/os\/wp-json\/wp\/v2\/posts\/2116","targetHints":{"allow":["GET"]}}],"collection":[{"href":"https:\/\/natura2000.nfga.de\/os\/wp-json\/wp\/v2\/posts"}],"about":[{"href":"https:\/\/natura2000.nfga.de\/os\/wp-json\/wp\/v2\/types\/post"}],"author":[{"embeddable":true,"href":"https:\/\/natura2000.nfga.de\/os\/wp-json\/wp\/v2\/users\/8"}],"replies":[{"embeddable":true,"href":"https:\/\/natura2000.nfga.de\/os\/wp-json\/wp\/v2\/comments?post=2116"}],"version-history":[{"count":4,"href":"https:\/\/natura2000.nfga.de\/os\/wp-json\/wp\/v2\/posts\/2116\/revisions"}],"predecessor-version":[{"id":2121,"href":"https:\/\/natura2000.nfga.de\/os\/wp-json\/wp\/v2\/posts\/2116\/revisions\/2121"}],"wp:featuredmedia":[{"embeddable":true,"href":"https:\/\/natura2000.nfga.de\/os\/wp-json\/wp\/v2\/media\/2111"}],"wp:attachment":[{"href":"https:\/\/natura2000.nfga.de\/os\/wp-json\/wp\/v2\/media?parent=2116"}],"wp:term":[{"taxonomy":"category","embeddable":true,"href":"https:\/\/natura2000.nfga.de\/os\/wp-json\/wp\/v2\/categories?post=2116"},{"taxonomy":"post_tag","embeddable":true,"href":"https:\/\/natura2000.nfga.de\/os\/wp-json\/wp\/v2\/tags?post=2116"}],"curies":[{"name":"wp","href":"https:\/\/api.w.org\/{rel}","templated":true}]}}